{"id":2755,"date":"2012-02-22T11:11:00","date_gmt":"2012-02-22T11:11:00","guid":{"rendered":"http:\/\/www.rincondelbulla.cl\/portal\/?p=2755"},"modified":"2012-02-22T11:11:00","modified_gmt":"2012-02-22T11:11:00","slug":"la-u-va-por-los-3-puntos-ante-godoy-cruz-de-argentina","status":"publish","type":"post","link":"http:\/\/www.rincondelbulla.cl\/portal\/2012\/02\/22\/la-u-va-por-los-3-puntos-ante-godoy-cruz-de-argentina\/","title":{"rendered":"La &#8216;U&#8217; va por los 3 puntos ante Godoy Cruz de Argentina"},"content":{"rendered":"<figure id=\"attachment_4366\" aria-describedby=\"caption-attachment-4366\" style=\"width: 799px\" class=\"wp-caption alignnone\"><img loading=\"lazy\" decoding=\"async\" class=\" size-full wp-image-4366\" src=\"http:\/\/www.rincondelbulla.cl\/portal\/wp-content\/uploads\/2012\/02\/8b5901901193f22412ada920ba201d8e.jpg\" alt=\"Foto: Claudio C\u00e1ceres\" class=\"caption\" title=\"La U va por los 3 puntos ante Godoy Cruz de Argentina\" width=\"799\" height=\"533\" srcset=\"http:\/\/www.rincondelbulla.cl\/portal\/wp-content\/uploads\/2012\/02\/8b5901901193f22412ada920ba201d8e.jpg 799w, http:\/\/www.rincondelbulla.cl\/portal\/wp-content\/uploads\/2012\/02\/8b5901901193f22412ada920ba201d8e-300x200.jpg 300w, http:\/\/www.rincondelbulla.cl\/portal\/wp-content\/uploads\/2012\/02\/8b5901901193f22412ada920ba201d8e-768x512.jpg 768w, http:\/\/www.rincondelbulla.cl\/portal\/wp-content\/uploads\/2012\/02\/8b5901901193f22412ada920ba201d8e-696x464.jpg 696w, http:\/\/www.rincondelbulla.cl\/portal\/wp-content\/uploads\/2012\/02\/8b5901901193f22412ada920ba201d8e-630x420.jpg 630w\" sizes=\"auto, (max-width: 799px) 100vw, 799px\" \/><figcaption id=\"caption-attachment-4366\" class=\"wp-caption-text\">La U va por los 3 puntos ante Godoy Cruz de Argentina<\/figcaption><\/figure>\n<p><strong>Es el comienzo para el despertar del Le\u00f3n en la Copa Libertadores 2012 ante el quiz\u00e1s el mejor Godoy Cruz de su historia.<\/strong>  <!--more-->  Por: Mart\u00edn V\u00e1squez Alarc\u00f3n<\/p>\n<p>Este mi\u00e9rcoles 22 de febrero a las 19:45hrs en el Estadio Santa Laura, Universidad de Chile querr\u00e1 dejar de lado la ca\u00edda en Colombia ante Atl\u00e9tico Nacional (2-0) en la primera jornada del Grupo 8 de la Copa Libertadores 2012. Ahora como local, intentar\u00e1 conseguir los tres puntos ante Godoy Cruz de Argentina, club que viene de vencer a Pe\u00f1arol de Uruguay como local por 1-0.<\/p>\n<p>En esta oportunidad, para el partido se dispuso que no se dejar\u00e1n entrar fuegos artificiales, punteros laser y otros objetos contundentes para que no vuelva a suceder lo ocurrido contra Iquique en el mismo recinto hace algunas semanas.<\/p>\n<p>Para hoy, La tarea no ser\u00e1 f\u00e1cil, pues la \u201cU\u201d tendr\u00e1 al frente un equipo compacto, con ambici\u00f3n, y dirigido por Nery Pumpido, qui\u00e9n ya sali\u00f3 campe\u00f3n de la Copa Libertadores con Olimpia de Paraguay. Ante esto y c\u00f3mo vienen los laicos, el capit\u00e1n Jos\u00e9 Rojas coment\u00f3 que: \u201cGodoy Cruz va a querer aprovechar de bal\u00f3n detenido, porque tienen un buen juego y con un 9 de \u00e1rea que es goleador innato, as\u00ed que hay que estar muy cerca para que no reciba libre\u201d.<\/p>\n<p>En tanto en la Universidad de Chile no se ven muchos cambios, s\u00f3lo la incorporaci\u00f3n de Gustavo Lorenzetti como \u201c9\u201d desde el primer minuto y a\u00fan se espera la recuperaci\u00f3n del goleador peruano, Ra\u00fal Ruid\u00edaz.<\/p>\n<p>Para ma\u00f1ana el encuentro ser\u00e1 dirigido por el brasile\u00f1o Wilson Seneme, quien dirigi\u00f3 la final de vuelta entre la Universidad de Chile y la Liga Deportiva Universitaria.<\/p>\n<p><span style=\"text-decoration: underline;\"><strong>Formaciones probables :<\/strong><\/span><\/p>\n<p><strong>Universidad de Chile:<\/strong> Johnny Herrera en porter\u00eda; Osvaldo Gonz\u00e1lez, Albert Acevedo y el capit\u00e1n Jos\u00e9 Rojas en la defensa; Mat\u00edas Rodr\u00edguez, Marcelo D\u00edaz, Charles Ar\u00e1nguiz y Eugenio Mena en el medio campo; Junior Fern\u00e1ndez, Gustavo Lorenzetti y Francisco Castro para buscar el gol.<\/p>\n<p><strong>Godoy Cruz:<\/strong> Sebasti\u00e1n Torrico en el arco; Roberto Russo, Leonardo Sigali, Nicol\u00e1s S\u00e1nchez y Zelmar Garc\u00eda en el sector posterior; Diego Villar, el capit\u00e1n Nicol\u00e1s Olmedo, Juan Carlos Falc\u00f3n y Ariel Rojas en el medio; Facundo Castill\u00f3n y Rub\u00e9n Ram\u00edrez en delantera.<\/p>\n","protected":false},"excerpt":{"rendered":"<p>Es el comienzo para el despertar del Le\u00f3n en la Copa Libertadores 2012 ante el quiz\u00e1s el mejor Godoy Cruz de su historia.<\/p>\n","protected":false},"author":1,"featured_media":4366,"comment_status":"open","ping_status":"open","sticky":false,"template":"","format":"standard","meta":{"footnotes":""},"categories":[18],"tags":[],"class_list":{"0":"post-2755","1":"post","2":"type-post","3":"status-publish","4":"format-standard","5":"has-post-thumbnail","7":"category-actualidad"},"_links":{"self":[{"href":"http:\/\/www.rincondelbulla.cl\/portal\/wp-json\/wp\/v2\/posts\/2755","targetHints":{"allow":["GET"]}}],"collection":[{"href":"http:\/\/www.rincondelbulla.cl\/portal\/wp-json\/wp\/v2\/posts"}],"about":[{"href":"http:\/\/www.rincondelbulla.cl\/portal\/wp-json\/wp\/v2\/types\/post"}],"author":[{"embeddable":true,"href":"http:\/\/www.rincondelbulla.cl\/portal\/wp-json\/wp\/v2\/users\/1"}],"replies":[{"embeddable":true,"href":"http:\/\/www.rincondelbulla.cl\/portal\/wp-json\/wp\/v2\/comments?post=2755"}],"version-history":[{"count":0,"href":"http:\/\/www.rincondelbulla.cl\/portal\/wp-json\/wp\/v2\/posts\/2755\/revisions"}],"wp:featuredmedia":[{"embeddable":true,"href":"http:\/\/www.rincondelbulla.cl\/portal\/wp-json\/wp\/v2\/media\/4366"}],"wp:attachment":[{"href":"http:\/\/www.rincondelbulla.cl\/portal\/wp-json\/wp\/v2\/media?parent=2755"}],"wp:term":[{"taxonomy":"category","embeddable":true,"href":"http:\/\/www.rincondelbulla.cl\/portal\/wp-json\/wp\/v2\/categories?post=2755"},{"taxonomy":"post_tag","embeddable":true,"href":"http:\/\/www.rincondelbulla.cl\/portal\/wp-json\/wp\/v2\/tags?post=2755"}],"curies":[{"name":"wp","href":"https:\/\/api.w.org\/{rel}","templated":true}]}}