{"id":2757,"date":"2012-02-23T10:15:12","date_gmt":"2012-02-23T10:15:12","guid":{"rendered":"http:\/\/www.rincondelbulla.cl\/portal\/?p=2757"},"modified":"2012-02-23T10:15:12","modified_gmt":"2012-02-23T10:15:12","slug":"marca-personal-universidad-de-chile-vs-godoy-cruz","status":"publish","type":"post","link":"http:\/\/www.rincondelbulla.cl\/portal\/2012\/02\/23\/marca-personal-universidad-de-chile-vs-godoy-cruz\/","title":{"rendered":"Marca personal: Universidad de Chile v\/s Godoy Cruz"},"content":{"rendered":"<figure id=\"attachment_4368\" aria-describedby=\"caption-attachment-4368\" style=\"width: 1500px\" class=\"wp-caption alignnone\"><img loading=\"lazy\" decoding=\"async\" class=\" size-full wp-image-4368\" src=\"http:\/\/www.rincondelbulla.cl\/portal\/wp-content\/uploads\/2012\/02\/99552797e1630f1fc706d3714ba75745.jpg\" alt=\"Foto:Claudio C\u00e1ceres\" class=\"caption\" title=\"Lorenzetti autor de uno de los tantos\" width=\"1500\" height=\"1000\" srcset=\"http:\/\/www.rincondelbulla.cl\/portal\/wp-content\/uploads\/2012\/02\/99552797e1630f1fc706d3714ba75745.jpg 1500w, http:\/\/www.rincondelbulla.cl\/portal\/wp-content\/uploads\/2012\/02\/99552797e1630f1fc706d3714ba75745-300x200.jpg 300w, http:\/\/www.rincondelbulla.cl\/portal\/wp-content\/uploads\/2012\/02\/99552797e1630f1fc706d3714ba75745-768x512.jpg 768w, http:\/\/www.rincondelbulla.cl\/portal\/wp-content\/uploads\/2012\/02\/99552797e1630f1fc706d3714ba75745-1200x800.jpg 1200w, http:\/\/www.rincondelbulla.cl\/portal\/wp-content\/uploads\/2012\/02\/99552797e1630f1fc706d3714ba75745-696x464.jpg 696w, http:\/\/www.rincondelbulla.cl\/portal\/wp-content\/uploads\/2012\/02\/99552797e1630f1fc706d3714ba75745-1068x712.jpg 1068w, http:\/\/www.rincondelbulla.cl\/portal\/wp-content\/uploads\/2012\/02\/99552797e1630f1fc706d3714ba75745-630x420.jpg 630w\" sizes=\"auto, (max-width: 1500px) 100vw, 1500px\" \/><figcaption id=\"caption-attachment-4368\" class=\"wp-caption-text\">Lorenzetti autor de uno de los tantos<\/figcaption><\/figure>\n<p><strong>En el debut oficial como locales en la Copa Libertadores, la U tuvo las \u201ctres G\u201d, gan\u00f3, gust\u00f3 y gole\u00f3. Por primera vez en el a\u00f1o apareci\u00f3 la \u201cmaquinita\u201d de Sampaoli que tanto se alab\u00f3 el a\u00f1o pasado. Los azules brindaron un espect\u00e1culo a partir de los 20\u2019 en adelante, con llegadas claras, goles, finiquitos errados, potencia ofensiva, entre otras cosas m\u00e1s. Al final los \u201cole\u201d que cayeron de la galer\u00eda, los 3 puntos en casa y un equipo que comienza a aparecer y hace ilusionar, nuevamente, a millones de personas.<\/strong>  <!--more-->  <strong>Jhonny Herrera:<\/strong> No tuvo mucho trabajo, en el gol nada que hacer, de hecho hab\u00eda tenido una atajada espectacular pero nadie estuvo atento al rebote. Nota: 7.0<\/p>\n<p><strong>Albert Acevedo:<\/strong> Un poco m\u00e1s claro que los partidos anteriores, aunque le falta. Tal vez con m\u00e1s confianza, m\u00e1s partidos lograr\u00e1 ser un puntal en la defensa. Nota: 5.5<br \/><strong><br \/>Osvaldo Gonz\u00e1lez: <\/strong>Mucho mejor que en Colombia. Bien en los cruces y en el juego a\u00e9reo. Sali\u00f3 jugando con claridad y hasta se mand\u00f3 en ofensiva. Nota: 6.0<\/p>\n<p><strong>Jos\u00e9 Rojas:<\/strong> Muy bien, tambi\u00e9n despert\u00f3. El capit\u00e1n no hab\u00eda hecho muy buenos partidos pero logr\u00f3 sacarse la mufa en un partido donde el equipo anduvo bien. Nota: 6.0<\/p>\n<p><strong>Eugenio Mena:<\/strong> Uno de los mejores de la cancha aunque en un trabajo silencioso. Se mand\u00f3 en ataque, meti\u00f3 un pase excelente en el primer gol, tuvo para convertir el suyo pero fall\u00f3. Nota: 7.0<\/p>\n<p><strong>Marcelo D\u00edaz:<\/strong> Otro que anduvo muy bien. En el quite y en la generaci\u00f3n de f\u00fatbol. Corri\u00f3 y luch\u00f3 siempre. Nota: 7.0<\/p>\n<p><strong>Mat\u00edas Rodr\u00edguez:<\/strong> Si no es el mejor jugador de la U anda rozando serlo. Falt\u00f3 en la primera final del apertura del a\u00f1o pasado contra Cat\u00f3lica y hubo un desastre. Falt\u00f3 en Colombia y hubo otro desastre. Simplemente un crack. Nota: 7.0<br \/><strong><br \/>Charles Ar\u00e1nguiz: <\/strong>No comenz\u00f3 como siempre pero poco a poco tom\u00f3 el ritmo del juego. Se atrevi\u00f3 a rematar aunque sin suerte. Anul\u00f3 a los mediocampistas rivales. Nota: 6.5<\/p>\n<p><strong>Gustavo Lorenzetti: <\/strong>Muy buen partido. Anot\u00f3 el segundo y gener\u00f3 el tercero. Excelente en ofensiva. Nota: 6.5<br \/><strong><br \/>Francisco Castro:<\/strong> No convirti\u00f3 pero hizo un partido redondo. Gener\u00f3 peligro y tuvo ocasiones. Nota: 6.5<br \/><strong><br \/>Junior Fern\u00e1ndes:<\/strong> Por los goles, la figura de la cancha. Anot\u00f3 tres y de gran factura. Si sigue as\u00ed el equipo mejorar\u00e1 mucho. Nota: 7.0<\/p>\n<p><span style=\"text-decoration: underline;\"><strong>SUSTITUCIONES<\/strong><\/span><br \/><strong><br \/>Roberto Cereceda: <\/strong>Ingres\u00f3 y lo hizo bien. Tuvo alguna ocasi\u00f3n de gol y le dio velocidad al equipo. Nota: 6.0<\/p>\n<p><strong>Angelo Henr\u00edquez: <\/strong>Qu\u00e9 debut. Ingres\u00f3 y tuvo una jugada donde se le escap\u00f3 el bal\u00f3n pero terminando el duelo puso la guinda a la torta y anot\u00f3 su primer gol. Nota: 7.0<\/p>\n<p><strong>Pedro Morales: <\/strong>Ingres\u00f3 a los 87\u2019 y no entr\u00f3 mucho en juego.<\/p>\n","protected":false},"excerpt":{"rendered":"<p>En el debut oficial como locales en la Copa Libertadores, la U tuvo las \u201ctres G\u201d, gan\u00f3, gust\u00f3 y gole\u00f3. Por primera vez en el a\u00f1o apareci\u00f3 la \u201cmaquinita\u201d de Sampaoli que tanto se alab\u00f3 el a\u00f1o pasado. Los azules brindaron un espect\u00e1culo a partir de los 20\u2019 en adelante, con llegadas claras, goles, finiquitos [&#8230;]<\/p>\n","protected":false},"author":57,"featured_media":4368,"comment_status":"open","ping_status":"open","sticky":false,"template":"","format":"standard","meta":{"footnotes":""},"categories":[18],"tags":[],"class_list":{"0":"post-2757","1":"post","2":"type-post","3":"status-publish","4":"format-standard","5":"has-post-thumbnail","7":"category-actualidad"},"_links":{"self":[{"href":"http:\/\/www.rincondelbulla.cl\/portal\/wp-json\/wp\/v2\/posts\/2757","targetHints":{"allow":["GET"]}}],"collection":[{"href":"http:\/\/www.rincondelbulla.cl\/portal\/wp-json\/wp\/v2\/posts"}],"about":[{"href":"http:\/\/www.rincondelbulla.cl\/portal\/wp-json\/wp\/v2\/types\/post"}],"author":[{"embeddable":true,"href":"http:\/\/www.rincondelbulla.cl\/portal\/wp-json\/wp\/v2\/users\/57"}],"replies":[{"embeddable":true,"href":"http:\/\/www.rincondelbulla.cl\/portal\/wp-json\/wp\/v2\/comments?post=2757"}],"version-history":[{"count":0,"href":"http:\/\/www.rincondelbulla.cl\/portal\/wp-json\/wp\/v2\/posts\/2757\/revisions"}],"wp:featuredmedia":[{"embeddable":true,"href":"http:\/\/www.rincondelbulla.cl\/portal\/wp-json\/wp\/v2\/media\/4368"}],"wp:attachment":[{"href":"http:\/\/www.rincondelbulla.cl\/portal\/wp-json\/wp\/v2\/media?parent=2757"}],"wp:term":[{"taxonomy":"category","embeddable":true,"href":"http:\/\/www.rincondelbulla.cl\/portal\/wp-json\/wp\/v2\/categories?post=2757"},{"taxonomy":"post_tag","embeddable":true,"href":"http:\/\/www.rincondelbulla.cl\/portal\/wp-json\/wp\/v2\/tags?post=2757"}],"curies":[{"name":"wp","href":"https:\/\/api.w.org\/{rel}","templated":true}]}}