{"id":2758,"date":"2012-02-23T16:37:31","date_gmt":"2012-02-23T16:37:31","guid":{"rendered":"http:\/\/www.rincondelbulla.cl\/portal\/?p=2758"},"modified":"2012-02-23T16:37:31","modified_gmt":"2012-02-23T16:37:31","slug":"tranquilidad-los-goleadores-estaban","status":"publish","type":"post","link":"http:\/\/www.rincondelbulla.cl\/portal\/2012\/02\/23\/tranquilidad-los-goleadores-estaban\/","title":{"rendered":"Tranquilidad: Los goleadores estaban"},"content":{"rendered":"<p><img loading=\"lazy\" decoding=\"async\" class=\" size-full wp-image-4369\" src=\"http:\/\/www.rincondelbulla.cl\/portal\/wp-content\/uploads\/2012\/02\/45171765ee5f1bee90247be4c4ed48c0.jpg\" alt=\"Foto: EFE\" width=\"619\" height=\"464\" srcset=\"http:\/\/www.rincondelbulla.cl\/portal\/wp-content\/uploads\/2012\/02\/45171765ee5f1bee90247be4c4ed48c0.jpg 619w, http:\/\/www.rincondelbulla.cl\/portal\/wp-content\/uploads\/2012\/02\/45171765ee5f1bee90247be4c4ed48c0-300x225.jpg 300w, http:\/\/www.rincondelbulla.cl\/portal\/wp-content\/uploads\/2012\/02\/45171765ee5f1bee90247be4c4ed48c0-80x60.jpg 80w, http:\/\/www.rincondelbulla.cl\/portal\/wp-content\/uploads\/2012\/02\/45171765ee5f1bee90247be4c4ed48c0-265x198.jpg 265w, http:\/\/www.rincondelbulla.cl\/portal\/wp-content\/uploads\/2012\/02\/45171765ee5f1bee90247be4c4ed48c0-560x420.jpg 560w\" sizes=\"auto, (max-width: 619px) 100vw, 619px\" \/><\/p>\n<p><strong>Un canterano y una de las contrataciones m\u00e1s rimbombantes del 2012, a priori est\u00e1n supliendo la falta de gol que ten\u00eda el Cuadro Azul<\/strong>  <!--more-->  Escrito por: Claudio Cort\u00e9s<\/p>\n<p>Antes del partido con Godoy Cruz el gran dolor de cabeza de Jorge Sampaoli era qui\u00e9n suplir\u00eda las partidas de los cuatro jugadores que el 2011 convirtieron la mayor\u00eda de goles del Equipo Azul. Junior Fernandes y Ra\u00fal Ruid\u00edaz llegaron este a\u00f1o para reemplazar esta carencia, sin embargo el primero se mostraba muy nervioso frente al \u00e1rea y el peruano, si bien ha anotado goles, asegura que se siente m\u00e1s c\u00f3modo volanteando o jugando como puntero.<\/p>\n<p>Pese a lo antes se\u00f1alado ayer parece haber terminado la \u201ccefalea\u201d del t\u00e9cnico azul. La tripleta de Junior y el debut so\u00f1ado de \u00c1ngelo Henr\u00edquez dan cuenta de que ha terminado el luto y nos encontramos frente a los nuevos artilleros del Cuadro M\u00e1gico.<\/p>\n<p>Lo del ex Palestino, al parecer, confirm\u00f3 el por qu\u00e9 lleg\u00f3 a la U. Sus goles a los 29\u2019, 46\u2019 y 72\u2019 mostraron su capacidad goleadora, cosa que hasta antes del partido con el Tomba le era criticado. Simplemente hizo un partido perfecto, incluso se dio el lujo de habilitar a sus compa\u00f1eros dej\u00e1ndolos solos frente al arco.<\/p>\n<p>Fue inscrito en el primer equipo con vacilaciones del oriundo de Casilda, sin embargo ayer \u00c1ngelo Henr\u00edquez demostr\u00f3 con su gol a los 85\u2019 que la compra en verde que hizo el Manchester United no est\u00e1 errada. Aunque el partido estaba cerrado con el 4 a 1 del Le\u00f3n, entrar con 17 a\u00f1os a un partido de la Copa Libertadores y adem\u00e1s ocupar el n\u00famero 7 en la espalda y rendir como lo hizo es simplemente de un crack. Simplemente el debut so\u00f1ado.<\/p>\n<p>Al inicio de la temporada el Pueblo Azul estaba intranquilo con la falta de finiquito frente al arco, pero con lo de anoche se puede so\u00f1ar con que se retom\u00f3 la senda<\/p>\n<p>ganadora y goleadora que se extra\u00f1aba. Es de esperar que lo de Junior y \u00c1ngelo sea s\u00f3lo un bocadillo de lo que puedan entregar este a\u00f1o.<\/p>\n","protected":false},"excerpt":{"rendered":"<p>Un canterano y una de las contrataciones m\u00e1s rimbombantes del 2012, a priori est\u00e1n supliendo la falta de gol que ten\u00eda el Cuadro Azul<\/p>\n","protected":false},"author":1,"featured_media":4369,"comment_status":"open","ping_status":"open","sticky":false,"template":"","format":"standard","meta":{"footnotes":""},"categories":[18],"tags":[],"class_list":{"0":"post-2758","1":"post","2":"type-post","3":"status-publish","4":"format-standard","5":"has-post-thumbnail","7":"category-actualidad"},"_links":{"self":[{"href":"http:\/\/www.rincondelbulla.cl\/portal\/wp-json\/wp\/v2\/posts\/2758","targetHints":{"allow":["GET"]}}],"collection":[{"href":"http:\/\/www.rincondelbulla.cl\/portal\/wp-json\/wp\/v2\/posts"}],"about":[{"href":"http:\/\/www.rincondelbulla.cl\/portal\/wp-json\/wp\/v2\/types\/post"}],"author":[{"embeddable":true,"href":"http:\/\/www.rincondelbulla.cl\/portal\/wp-json\/wp\/v2\/users\/1"}],"replies":[{"embeddable":true,"href":"http:\/\/www.rincondelbulla.cl\/portal\/wp-json\/wp\/v2\/comments?post=2758"}],"version-history":[{"count":0,"href":"http:\/\/www.rincondelbulla.cl\/portal\/wp-json\/wp\/v2\/posts\/2758\/revisions"}],"wp:featuredmedia":[{"embeddable":true,"href":"http:\/\/www.rincondelbulla.cl\/portal\/wp-json\/wp\/v2\/media\/4369"}],"wp:attachment":[{"href":"http:\/\/www.rincondelbulla.cl\/portal\/wp-json\/wp\/v2\/media?parent=2758"}],"wp:term":[{"taxonomy":"category","embeddable":true,"href":"http:\/\/www.rincondelbulla.cl\/portal\/wp-json\/wp\/v2\/categories?post=2758"},{"taxonomy":"post_tag","embeddable":true,"href":"http:\/\/www.rincondelbulla.cl\/portal\/wp-json\/wp\/v2\/tags?post=2758"}],"curies":[{"name":"wp","href":"https:\/\/api.w.org\/{rel}","templated":true}]}}