{"id":2768,"date":"2012-03-06T16:31:01","date_gmt":"2012-03-06T16:31:01","guid":{"rendered":"http:\/\/www.rincondelbulla.cl\/portal\/?p=2768"},"modified":"2012-03-06T16:31:01","modified_gmt":"2012-03-06T16:31:01","slug":"u-de-chile-busca-mostrar-su-fortaleza-ante-un-penarol-obligado-a-ganar-en-la-libertadores","status":"publish","type":"post","link":"http:\/\/www.rincondelbulla.cl\/portal\/2012\/03\/06\/u-de-chile-busca-mostrar-su-fortaleza-ante-un-penarol-obligado-a-ganar-en-la-libertadores\/","title":{"rendered":"Sampaoli no se conf\u00eda del mal momento de Pe\u00f1arol"},"content":{"rendered":"<p><img loading=\"lazy\" decoding=\"async\" class=\" size-full wp-image-4379\" src=\"http:\/\/www.rincondelbulla.cl\/portal\/wp-content\/uploads\/2012\/03\/717713cd3919897f77ead78b5e88e7ab.jpg\" alt=\"Foto: Patricio Gonz\u00e1lez\" width=\"800\" height=\"533\" srcset=\"http:\/\/www.rincondelbulla.cl\/portal\/wp-content\/uploads\/2012\/03\/717713cd3919897f77ead78b5e88e7ab.jpg 800w, http:\/\/www.rincondelbulla.cl\/portal\/wp-content\/uploads\/2012\/03\/717713cd3919897f77ead78b5e88e7ab-300x200.jpg 300w, http:\/\/www.rincondelbulla.cl\/portal\/wp-content\/uploads\/2012\/03\/717713cd3919897f77ead78b5e88e7ab-768x512.jpg 768w, http:\/\/www.rincondelbulla.cl\/portal\/wp-content\/uploads\/2012\/03\/717713cd3919897f77ead78b5e88e7ab-696x464.jpg 696w, http:\/\/www.rincondelbulla.cl\/portal\/wp-content\/uploads\/2012\/03\/717713cd3919897f77ead78b5e88e7ab-630x420.jpg 630w\" sizes=\"auto, (max-width: 800px) 100vw, 800px\" \/><\/p>\n<p><strong>Si bien el Manya llega con su tercer entrenador del a\u00f1o y \u00faltimo en el grupo ocho, el oriundo de Casilda est\u00e1 muy lejos de apaciguarse.<\/strong>  <!--more-->  Escrito por: Claudio Cort\u00e9s<\/p>\n<p>Universidad de Chile visita hoy a Pe\u00f1arol a las 19.30 en el m\u00edtico estadio Centenario por la Copa Libertadores, un rival que se juega la \u00faltima carta para seguir con opciones de clasificar en la Copa Libertadores. La principal duda de Jorge Sampaoli es elegir al que completar\u00e1 el tr\u00edo de ataque junto a Junior Fernandes y Francisco Castro.<\/p>\n<p>El partido que ser\u00e1 dirigido por el ecuatoriano Omar Ponce, tiene a Jorge Sampaoli con la disyuntiva de qui\u00e9n ocupara el centro del ataque azul. Las opciones que maneja \u201cdon sampa\u201d para dejar perfectamente ensamblada la \u201cmaquina azul\u201d sonel nobel crack azul, Angelo Henr\u00edquez, el peruano Ra\u00fal Ruid\u00edaz y Gustavo Lorenzetti.<\/p>\n<p>La doble ca\u00edda de Pe\u00f1arol y la victoria de los chilenos marcar\u00e1 seguramente el tono del encuentro en el estadio Centenario, donde los aurinegros y su tercer t\u00e9cnico del a\u00f1o, Jorge da Silva, deber\u00e1n jugarse todo para lograr sus primeros tres puntos y buscar con otros resultados favorables posteriores recuperar alguna esperanza.<\/p>\n<p>Pese a esta condici\u00f3n desfavorable, Jorge Sampaoli cree que dejar que el Manya se vuelque al sector azul del campo ser\u00eda un error. \u00abCreemos que dejar venir a Pe\u00f1arol ser\u00eda un error conceptual. Vamos a tratar de no dejarlos jugar, tendremos una presi\u00f3n constante. Me parece vital el partido porque dejar\u00edamos un gran rival en el camino, pero ser\u00e1 complicado: no van a permitirse jugar como lo hicieron ante Atl\u00e9tico Nacional\u00bb, sentenci\u00f3.<\/p>\n<p>Mientras que el recientemente presentado entrenador aurinegro, Jorge \u201cpolilla\u201d Da Silva, cree que ser\u00e1 un duelo dif\u00edcil y que condicionar\u00e1 la estad\u00eda del equipo en la copa. \u00abEs un duelo muy dif\u00edcil, un partido que representa nuestra \u00faltima esperanza de seguir con vida en la Libertadores. \u00ab, expres\u00f3 el substituto de Gregorio P\u00e9rez.<\/p>\n<p>As\u00ed el equipo azul formar\u00eda con <strong>Herrera bajo los tres tubos, en defensa seguir\u00eda Goz\u00e1lez, Acevedo y Rojas; el medio campo estar\u00e1nRodr\u00edguez, D\u00edaz, Mena y Ar\u00e1nguiz; Castro, Ruid\u00edaz (Lorenzetti o Henr\u00edquez) y Fernandes estar\u00e1n encargados de desactivar el sistema defensivo carbonero.<\/strong><\/p>\n","protected":false},"excerpt":{"rendered":"<p>Si bien el Manya llega con su tercer entrenador del a\u00f1o y \u00faltimo en el grupo ocho, el oriundo de Casilda est\u00e1 muy lejos de apaciguarse.<\/p>\n","protected":false},"author":1,"featured_media":4379,"comment_status":"open","ping_status":"open","sticky":false,"template":"","format":"standard","meta":{"footnotes":""},"categories":[18],"tags":[],"class_list":{"0":"post-2768","1":"post","2":"type-post","3":"status-publish","4":"format-standard","5":"has-post-thumbnail","7":"category-actualidad"},"_links":{"self":[{"href":"http:\/\/www.rincondelbulla.cl\/portal\/wp-json\/wp\/v2\/posts\/2768","targetHints":{"allow":["GET"]}}],"collection":[{"href":"http:\/\/www.rincondelbulla.cl\/portal\/wp-json\/wp\/v2\/posts"}],"about":[{"href":"http:\/\/www.rincondelbulla.cl\/portal\/wp-json\/wp\/v2\/types\/post"}],"author":[{"embeddable":true,"href":"http:\/\/www.rincondelbulla.cl\/portal\/wp-json\/wp\/v2\/users\/1"}],"replies":[{"embeddable":true,"href":"http:\/\/www.rincondelbulla.cl\/portal\/wp-json\/wp\/v2\/comments?post=2768"}],"version-history":[{"count":0,"href":"http:\/\/www.rincondelbulla.cl\/portal\/wp-json\/wp\/v2\/posts\/2768\/revisions"}],"wp:featuredmedia":[{"embeddable":true,"href":"http:\/\/www.rincondelbulla.cl\/portal\/wp-json\/wp\/v2\/media\/4379"}],"wp:attachment":[{"href":"http:\/\/www.rincondelbulla.cl\/portal\/wp-json\/wp\/v2\/media?parent=2768"}],"wp:term":[{"taxonomy":"category","embeddable":true,"href":"http:\/\/www.rincondelbulla.cl\/portal\/wp-json\/wp\/v2\/categories?post=2768"},{"taxonomy":"post_tag","embeddable":true,"href":"http:\/\/www.rincondelbulla.cl\/portal\/wp-json\/wp\/v2\/tags?post=2768"}],"curies":[{"name":"wp","href":"https:\/\/api.w.org\/{rel}","templated":true}]}}