{"id":2769,"date":"2012-03-06T16:37:36","date_gmt":"2012-03-06T16:37:36","guid":{"rendered":"http:\/\/www.rincondelbulla.cl\/portal\/?p=2769"},"modified":"2012-03-06T16:37:36","modified_gmt":"2012-03-06T16:37:36","slug":"el-campeon-del-siglo-se-llama-penarol-y-al-u-por-el","status":"publish","type":"post","link":"http:\/\/www.rincondelbulla.cl\/portal\/2012\/03\/06\/el-campeon-del-siglo-se-llama-penarol-y-al-u-por-el\/","title":{"rendered":"El Campe\u00f3n del Siglo se llama Pe\u00f1arol y la U va por el"},"content":{"rendered":"<figure id=\"attachment_4380\" aria-describedby=\"caption-attachment-4380\" style=\"width: 1600px\" class=\"wp-caption alignnone\"><img loading=\"lazy\" decoding=\"async\" class=\" size-full wp-image-4380\" src=\"http:\/\/www.rincondelbulla.cl\/portal\/wp-content\/uploads\/2012\/03\/ca2d3b9781db35243fe5868c79aba4c0.jpg\" alt=\"Foto:Claudio C\u00e1ceres\" class=\"caption\" title=\"Matias Rodriguez asomo como titular\" width=\"1600\" height=\"1067\" srcset=\"http:\/\/www.rincondelbulla.cl\/portal\/wp-content\/uploads\/2012\/03\/ca2d3b9781db35243fe5868c79aba4c0.jpg 1600w, http:\/\/www.rincondelbulla.cl\/portal\/wp-content\/uploads\/2012\/03\/ca2d3b9781db35243fe5868c79aba4c0-300x200.jpg 300w, http:\/\/www.rincondelbulla.cl\/portal\/wp-content\/uploads\/2012\/03\/ca2d3b9781db35243fe5868c79aba4c0-768x512.jpg 768w, http:\/\/www.rincondelbulla.cl\/portal\/wp-content\/uploads\/2012\/03\/ca2d3b9781db35243fe5868c79aba4c0-1200x800.jpg 1200w, http:\/\/www.rincondelbulla.cl\/portal\/wp-content\/uploads\/2012\/03\/ca2d3b9781db35243fe5868c79aba4c0-696x464.jpg 696w, http:\/\/www.rincondelbulla.cl\/portal\/wp-content\/uploads\/2012\/03\/ca2d3b9781db35243fe5868c79aba4c0-1068x712.jpg 1068w, http:\/\/www.rincondelbulla.cl\/portal\/wp-content\/uploads\/2012\/03\/ca2d3b9781db35243fe5868c79aba4c0-630x420.jpg 630w\" sizes=\"auto, (max-width: 1600px) 100vw, 1600px\" \/><figcaption id=\"caption-attachment-4380\" class=\"wp-caption-text\">Matias Rodriguez asomo como titular<\/figcaption><\/figure>\n<p><strong>Hoy en el Centenario la U sale a vencer al equipo aurinegro y de paso dejarlo moribundo en la actual versi\u00f3n de la Copa Libertadores, adem\u00e1s cobrar revancha por la semifinal del a\u00f1o 70\u2019. <\/strong><\/p>\n<p>  <!--more-->  <\/p>\n<p>\u00a0<\/p>\n<p><strong>Por:Claudio Cort\u00e9s<\/strong><\/p>\n<p>Esta noche Universidad de Chile enfrenta a un grande de Sudam\u00e9rica. Pe\u00f1arol seg\u00fan varias encuestas es el equipo m\u00e1s popular de Uruguay, es la escuadra con m\u00e1s campeonatos nacionales, es el\u00a0 mejor equipo del Siglo XX de Sudam\u00e9rica seg\u00fan datos de la la Federaci\u00f3n Internacional de Historia y Estad\u00edstica de F\u00fatbol (IFFHS), adem\u00e1s es el equipo con m\u00e1s t\u00edtulos internacionales de su pa\u00eds.<\/p>\n<p>En la actualidad los Mirasoles llegan como punteros del torneo de Clausura uruguayo y con la chapa de ser el \u00faltimo Subcampe\u00f3n de la Libertadores, final que perdi\u00f3 ante el Santos de Neymar. <\/p>\n<p>Por \u00e9sta, el \u00faltimo encuentro con el Manya fue en la recordada semifinal de 1970, en donde los mirasoles se quedaron con el\u00a0 paso a la final luego de vencer en el partido de definici\u00f3n al Cuadro M\u00e1gico en el estadio de Racing de Avellaneda.<\/p>\n<p>Como ya es costumbre en el Rincon de Bulla, te dejamos con la una peque\u00f1a rese\u00f1a de un grande de Sudam\u00e9rica.<\/p>\n<p>El Club Atl\u00e9tico Pe\u00f1arol es una instituci\u00f3n deportiva de Uruguay, ubicada en la ciudad de Montevideo. Fue fundado el 28 de septiembre de 1891 bajo la denominaci\u00f3n de Central Uruguay Railway Cricket Club o tambi\u00e9n conocido como CURCC. El nombre Pe\u00f1arol deriva del barrio Pe\u00f1arol, ubicado en las cercan\u00edas de Montevideo. <\/p>\n<p>Desde sus inicios, los colores que han identificado al club son el amarillo y el negro, tomados de la Locomotora Rocket y representativos del gremio ferroviario.<\/p>\n<p>Si bien el club posee un estadio propio, con una capacidad para 12 000 espectadores, no est\u00e1 habilitado por la Intendencia de la capital oriental,\u00a0 por razones de seguridad, para disputar partidos de Primera Divisi\u00f3n; adem\u00e1s la hinchada pe\u00f1arolense supera ampliamente dicha cifra. Por esta raz\u00f3n, Pe\u00f1arol desde hace varias d\u00e9cadas ejerce de local en el Centenario (de propiedad municipal), ubicado en Parque Batlle y con una capacidad de 65 235 espectadores.<\/p>\n<p>Pe\u00f1arol es el club que ha ganado m\u00e1s campeonatos profesionales en Uruguay, con 37 torneos.[10] Asimismo, considerando los torneos obtenidos por el CURCC, es quien m\u00e1s campeonatos ha ganado en la historia del f\u00fatbol uruguayo, sumando la era amateur y profesional, con 46 t\u00edtulos. Anexamente, Pe\u00f1arol gan\u00f3 el Campeonato Uruguayo de la Federaci\u00f3n Uruguaya de Football en 1924 y de la Copa del Consejo Provisorio en 1926, por lo que el club posee 48 t\u00edtulos de campe\u00f3n uruguayo.<\/p>\n<p>A nivel internacional, es el tercer club que en m\u00e1s ocasiones se ha adjudicado la Copa Libertadores, cinco veces, y el primero en obtener por tercera vez la Copa Intercontinental, galard\u00f3n que comparte con otros cuatro clubes.<\/p>\n<p>En septiembre de 2009 fue declarado como el Mejor Club del Siglo XX de Sudam\u00e9rica superando a Independiente de Avellaneda y a su cl\u00e1sico rival Nacional.<\/p>\n<p>Es tal la afici\u00f3n que provoca el equipo carbonifero que\u00a0 comienzos de octubre de 2011 se estren\u00f3 en Uruguay un documental sobre la hinchada de Pe\u00f1arol. Dirigido por Andr\u00e9s Benvenuto y con la producci\u00f3n de Kafka Films y Sacromonte, el filme relata testimonios y experiencias de diversos hinchas del pa\u00eds, con opiniones de diversos periodistas del mundo futbolero. Conjuntamente, cuenta con el punto de vista de psic\u00f3logos y pol\u00edticos uruguayos que dan su parecer y sus visiones sobre la hinchada de los Aurinegros. <\/p>\n<p>La pel\u00edcula fue declarada como inter\u00e9s cultural del Ministerio de Educaci\u00f3n de Cultura de Uruguay, adem\u00e1s de ser considerada de inter\u00e9s ministerial por el Ministerio de Turismo y Deporte. El filme impuso un nuevo r\u00e9cord de taquilla al convertirse en el filme uruguayo con mayor apertura, habiendo vendido 13 000 entradas en su primer fin de semana y 30 000 en sus primeros quince d\u00edas. <\/p>\n<p>Si bien Pe\u00f1arol se encuentra en el \u00faltimo lugar del grupo 8 de la Copa Libertadores, con cero puntos, su historia y t\u00edtulos\u00a0 habla de que es un equipo de temer, que no hay que confiarse y menos darlos por muertos.<\/p>\n","protected":false},"excerpt":{"rendered":"<p>Hoy en el Centenario la U sale a vencer al equipo aurinegro y de paso dejarlo moribundo en la actual versi\u00f3n de la Copa Libertadores, adem\u00e1s cobrar revancha por la semifinal del a\u00f1o 70\u2019.<\/p>\n","protected":false},"author":1,"featured_media":4380,"comment_status":"open","ping_status":"open","sticky":false,"template":"","format":"standard","meta":{"footnotes":""},"categories":[18],"tags":[],"class_list":{"0":"post-2769","1":"post","2":"type-post","3":"status-publish","4":"format-standard","5":"has-post-thumbnail","7":"category-actualidad"},"_links":{"self":[{"href":"http:\/\/www.rincondelbulla.cl\/portal\/wp-json\/wp\/v2\/posts\/2769","targetHints":{"allow":["GET"]}}],"collection":[{"href":"http:\/\/www.rincondelbulla.cl\/portal\/wp-json\/wp\/v2\/posts"}],"about":[{"href":"http:\/\/www.rincondelbulla.cl\/portal\/wp-json\/wp\/v2\/types\/post"}],"author":[{"embeddable":true,"href":"http:\/\/www.rincondelbulla.cl\/portal\/wp-json\/wp\/v2\/users\/1"}],"replies":[{"embeddable":true,"href":"http:\/\/www.rincondelbulla.cl\/portal\/wp-json\/wp\/v2\/comments?post=2769"}],"version-history":[{"count":0,"href":"http:\/\/www.rincondelbulla.cl\/portal\/wp-json\/wp\/v2\/posts\/2769\/revisions"}],"wp:featuredmedia":[{"embeddable":true,"href":"http:\/\/www.rincondelbulla.cl\/portal\/wp-json\/wp\/v2\/media\/4380"}],"wp:attachment":[{"href":"http:\/\/www.rincondelbulla.cl\/portal\/wp-json\/wp\/v2\/media?parent=2769"}],"wp:term":[{"taxonomy":"category","embeddable":true,"href":"http:\/\/www.rincondelbulla.cl\/portal\/wp-json\/wp\/v2\/categories?post=2769"},{"taxonomy":"post_tag","embeddable":true,"href":"http:\/\/www.rincondelbulla.cl\/portal\/wp-json\/wp\/v2\/tags?post=2769"}],"curies":[{"name":"wp","href":"https:\/\/api.w.org\/{rel}","templated":true}]}}