{"id":2773,"date":"2012-03-10T14:38:17","date_gmt":"2012-03-10T14:38:17","guid":{"rendered":"http:\/\/www.rincondelbulla.cl\/portal\/?p=2773"},"modified":"2012-03-10T14:38:17","modified_gmt":"2012-03-10T14:38:17","slug":"sampaoli-no-cree-que-la-cancha-de-audax-sea-una-condicionante-de-las-lesiones","status":"publish","type":"post","link":"http:\/\/www.rincondelbulla.cl\/portal\/2012\/03\/10\/sampaoli-no-cree-que-la-cancha-de-audax-sea-una-condicionante-de-las-lesiones\/","title":{"rendered":"Sampaoli no cree que la cancha de Audax sea una condicionante de las lesiones"},"content":{"rendered":"<p><img loading=\"lazy\" decoding=\"async\" class=\" size-full wp-image-4384\" src=\"http:\/\/www.rincondelbulla.cl\/portal\/wp-content\/uploads\/2012\/03\/4cd424ae582c0816d2a216de8e1edde7.jpg\" alt=\"Foto: Claudio C\u00e1ceres\" width=\"600\" height=\"340\" srcset=\"http:\/\/www.rincondelbulla.cl\/portal\/wp-content\/uploads\/2012\/03\/4cd424ae582c0816d2a216de8e1edde7.jpg 600w, http:\/\/www.rincondelbulla.cl\/portal\/wp-content\/uploads\/2012\/03\/4cd424ae582c0816d2a216de8e1edde7-300x170.jpg 300w\" sizes=\"auto, (max-width: 600px) 100vw, 600px\" \/><\/p>\n<p><strong>La condici\u00f3n de sint\u00e9tico no es tema para el t\u00e9cnico argentino, quien adem\u00e1s tiene la duda con que escuadra afrontar el partido en La Florida.<\/strong>  <!--more-->  <\/p>\n<p>Escrito por: Claudio Cort\u00e9s<\/p>\n<p>Con Enrique Osses impartiendo justicia en el campo, Universidad de Chile enfrenta esta tarde a Audax Italiano en el pasto sint\u00e9tico del Estadio Bicentenario de La Florida.<\/p>\n<p>En relaci\u00f3n a la condici\u00f3n del campo y al riesgo de que alg\u00fan jugador se lesione, Jorge Sampaoli cerr\u00f3 las especulaciones con un claro an\u00e1lisis: \u201cLas lesiones pueden ocurrir en ese escenario o en otro, no pasa por el tema puntual de la superficie\u201d, sentenci\u00f3.<\/p>\n<p>Por este motivo es que el DT declar\u00f3 que \u00abvamos a tratar de poner lo mejor que tengamos. Tan importante para nosotros es la clasificaci\u00f3n en la Libertadores como el torneo local\u00bb.<\/p>\n<p>Adem\u00e1s el argentino coment\u00f3, en conferencia en el CDA, que \u201c\u201cAudax es un equipo que est\u00e1 levantando. Ante Iquique gan\u00f3 bien (&#8230;) Es un conjunto competitivo y que juega de manera intensa cada partido. Ellos tienen jugadores muy j\u00f3venes y r\u00e1pidos que nos pueden da\u00f1ar\u201d.<\/p>\n<p>Mientras que de sus dirigidos espera que jueguen como en pasajes del partido, en Uruguay, a mitad de semana por la Copa Libertadores. \u201cJugaremos ante Audax con lo mejor que tengamos. La duda es jugar con el equipo del primer o el del segundo tiempo ante Pe\u00f1arol\u201d, finaliz\u00f3 el reconocido seguidor de Bielsa.<\/p>\n<p>Si fuera por las estad\u00edsticas los azules no deber\u00edan tener mayores, ya que de 133 partidos disputados, la \u201cmaquinita azul\u201d se inscribe con 59, 41 empates y los dirigidos de Omar Labruna con 33 victorias. En cuanto a diferencia de goles, los adiestrados por el Casildense tambi\u00e9n llevan la delantera con 240 diana, frente a 187 de los verdes. Este partido puede mantener a los azules en el primer lugar del certamen, condicion que comparten junto a O\u2019Higgins, con 13 puntos, mientras que los floridanos marcha en la posici\u00f3n 15\u00b0 con s\u00f3lo cinco unidades.<\/p>\n<p>El Cuadro M\u00e1gico formar\u00eda esta tarde ante los floridanos con <strong>Herrera en la porter\u00eda; Gonz\u00e1lez, Acevedo, Rojas en la parte posterior; Rodr\u00edguez, D\u00edaz, Mena y Ar\u00e1nguiz en el medio terreno; Fernandes por la derecha, Lorenzetti como extremo izquierdo y la nueva joya azul \u00c1ngelo Henr\u00edquez en el centro del \u00e1rea.<\/strong><\/p>\n","protected":false},"excerpt":{"rendered":"<p>La condici\u00f3n de sint\u00e9tico no es tema para el t\u00e9cnico argentino, quien adem\u00e1s tiene la duda con que escuadra afrontar el partido en La Florida.<\/p>\n","protected":false},"author":1,"featured_media":4384,"comment_status":"open","ping_status":"open","sticky":false,"template":"","format":"standard","meta":{"footnotes":""},"categories":[18],"tags":[],"class_list":{"0":"post-2773","1":"post","2":"type-post","3":"status-publish","4":"format-standard","5":"has-post-thumbnail","7":"category-actualidad"},"_links":{"self":[{"href":"http:\/\/www.rincondelbulla.cl\/portal\/wp-json\/wp\/v2\/posts\/2773","targetHints":{"allow":["GET"]}}],"collection":[{"href":"http:\/\/www.rincondelbulla.cl\/portal\/wp-json\/wp\/v2\/posts"}],"about":[{"href":"http:\/\/www.rincondelbulla.cl\/portal\/wp-json\/wp\/v2\/types\/post"}],"author":[{"embeddable":true,"href":"http:\/\/www.rincondelbulla.cl\/portal\/wp-json\/wp\/v2\/users\/1"}],"replies":[{"embeddable":true,"href":"http:\/\/www.rincondelbulla.cl\/portal\/wp-json\/wp\/v2\/comments?post=2773"}],"version-history":[{"count":0,"href":"http:\/\/www.rincondelbulla.cl\/portal\/wp-json\/wp\/v2\/posts\/2773\/revisions"}],"wp:featuredmedia":[{"embeddable":true,"href":"http:\/\/www.rincondelbulla.cl\/portal\/wp-json\/wp\/v2\/media\/4384"}],"wp:attachment":[{"href":"http:\/\/www.rincondelbulla.cl\/portal\/wp-json\/wp\/v2\/media?parent=2773"}],"wp:term":[{"taxonomy":"category","embeddable":true,"href":"http:\/\/www.rincondelbulla.cl\/portal\/wp-json\/wp\/v2\/categories?post=2773"},{"taxonomy":"post_tag","embeddable":true,"href":"http:\/\/www.rincondelbulla.cl\/portal\/wp-json\/wp\/v2\/tags?post=2773"}],"curies":[{"name":"wp","href":"https:\/\/api.w.org\/{rel}","templated":true}]}}