{"id":2777,"date":"2012-03-17T13:27:00","date_gmt":"2012-03-17T13:27:00","guid":{"rendered":"http:\/\/www.rincondelbulla.cl\/portal\/?p=2777"},"modified":"2012-03-17T13:27:00","modified_gmt":"2012-03-17T13:27:00","slug":"u-de-chile-y-u-espanola-chocan-en-el-nacional-en-duelo-de-equipos-coperos","status":"publish","type":"post","link":"http:\/\/www.rincondelbulla.cl\/portal\/2012\/03\/17\/u-de-chile-y-u-espanola-chocan-en-el-nacional-en-duelo-de-equipos-coperos\/","title":{"rendered":"U. de Chile y U. Espa\u00f1ola chocan en el Nacional en duelo de \u00abequipos coperos\u00bb"},"content":{"rendered":"<figure id=\"attachment_4388\" aria-describedby=\"caption-attachment-4388\" style=\"width: 600px\" class=\"wp-caption alignnone\"><img loading=\"lazy\" decoding=\"async\" class=\" size-full wp-image-4388\" src=\"http:\/\/www.rincondelbulla.cl\/portal\/wp-content\/uploads\/2012\/03\/189b404e1cbecfe34e6292aec1397965.jpg\" alt=\"Foto: Claudio C\u00e1ceres\" class=\"caption\" title=\"Fuente: Cooperativa.cl\" width=\"600\" height=\"340\" srcset=\"http:\/\/www.rincondelbulla.cl\/portal\/wp-content\/uploads\/2012\/03\/189b404e1cbecfe34e6292aec1397965.jpg 600w, http:\/\/www.rincondelbulla.cl\/portal\/wp-content\/uploads\/2012\/03\/189b404e1cbecfe34e6292aec1397965-300x170.jpg 300w\" sizes=\"auto, (max-width: 600px) 100vw, 600px\" \/><figcaption id=\"caption-attachment-4388\" class=\"wp-caption-text\">Fuente: Cooperativa.cl<\/figcaption><\/figure>\n<p><strong>Azules y rojos, que vienen de un buen presente en Copa Libertadores, se miden en \u00d1u\u00f1oa.<\/strong>  <!--more-->  Universidad de Chile y Uni\u00f3n Espa\u00f1ola, dos equipos con un buen presente en la Copa Libertadores, se miden a partir de las 18:15 horas (21:15 GMT) por la octava fecha del Torneo de Apertura.<\/p>\n<p>Despu\u00e9s de varias fechas, los azules regresan a la local\u00eda en el Estadio Nacional y pretenden mantenerse como l\u00edderes del certamen.<\/p>\n<p>En el equipo laico, Osvaldo Gonz\u00e1lez mostr\u00f3 una positiva evoluci\u00f3n de la contractura sufrida en el abductor derecho y podr\u00e1 ser de la partida.<\/p>\n<p>De esta forma, la m\u00e1s probable alineaci\u00f3n de los azules ante los hispanos ser\u00e1 con Johnny Herrera; Paulo Magalhaes, Osvaldo Gonz\u00e1lez, Jos\u00e9 Rojas, Eugenio Mena; Marcelo D\u00edaz, Charles Ar\u00e1nguiz, Mat\u00edas Rodr\u00edguez; Gustavo Lorenzetti, Junior Fernandes y Francisco Castro.<\/p>\n<p>El equipo de Jos\u00e9 Luis Sierra por su parte, tendr\u00e1 entre sus citados a Fernando Cordero, jugador que sufri\u00f3 una fractura en el partido con Huachipato, aunque est\u00e1 disponible para enfrentar a los azules.<\/p>\n<p>Jos\u00e9 Luis Sierra enviar\u00eda al campo de juego a Eduardo Lobos, Dagoberto Currimilla, Diego Scotti, Jorge Ampuero, Fernando Cordero, Gonzalo Villagra, Braulio Leal, Mauro D\u00edaz, Sebasti\u00e1n Jaime, Emanuel Herrera y Jean Paul Pineda.<\/p>\n<p>El partido ser\u00e1 dirigido por Patricio Polic.<\/p>\n","protected":false},"excerpt":{"rendered":"<p>Azules y rojos, que vienen de un buen presente en Copa Libertadores, se miden en \u00d1u\u00f1oa.<\/p>\n","protected":false},"author":1,"featured_media":4388,"comment_status":"open","ping_status":"open","sticky":false,"template":"","format":"standard","meta":{"footnotes":""},"categories":[18],"tags":[],"class_list":{"0":"post-2777","1":"post","2":"type-post","3":"status-publish","4":"format-standard","5":"has-post-thumbnail","7":"category-actualidad"},"_links":{"self":[{"href":"http:\/\/www.rincondelbulla.cl\/portal\/wp-json\/wp\/v2\/posts\/2777","targetHints":{"allow":["GET"]}}],"collection":[{"href":"http:\/\/www.rincondelbulla.cl\/portal\/wp-json\/wp\/v2\/posts"}],"about":[{"href":"http:\/\/www.rincondelbulla.cl\/portal\/wp-json\/wp\/v2\/types\/post"}],"author":[{"embeddable":true,"href":"http:\/\/www.rincondelbulla.cl\/portal\/wp-json\/wp\/v2\/users\/1"}],"replies":[{"embeddable":true,"href":"http:\/\/www.rincondelbulla.cl\/portal\/wp-json\/wp\/v2\/comments?post=2777"}],"version-history":[{"count":0,"href":"http:\/\/www.rincondelbulla.cl\/portal\/wp-json\/wp\/v2\/posts\/2777\/revisions"}],"wp:featuredmedia":[{"embeddable":true,"href":"http:\/\/www.rincondelbulla.cl\/portal\/wp-json\/wp\/v2\/media\/4388"}],"wp:attachment":[{"href":"http:\/\/www.rincondelbulla.cl\/portal\/wp-json\/wp\/v2\/media?parent=2777"}],"wp:term":[{"taxonomy":"category","embeddable":true,"href":"http:\/\/www.rincondelbulla.cl\/portal\/wp-json\/wp\/v2\/categories?post=2777"},{"taxonomy":"post_tag","embeddable":true,"href":"http:\/\/www.rincondelbulla.cl\/portal\/wp-json\/wp\/v2\/tags?post=2777"}],"curies":[{"name":"wp","href":"https:\/\/api.w.org\/{rel}","templated":true}]}}