{"id":2779,"date":"2012-03-19T18:20:53","date_gmt":"2012-03-19T18:20:53","guid":{"rendered":"http:\/\/www.rincondelbulla.cl\/portal\/?p=2779"},"modified":"2012-03-19T18:20:53","modified_gmt":"2012-03-19T18:20:53","slug":"la-u-hara-contrato-a-joven-por-el-que-pregunta-club-italiano","status":"publish","type":"post","link":"http:\/\/www.rincondelbulla.cl\/portal\/2012\/03\/19\/la-u-hara-contrato-a-joven-por-el-que-pregunta-club-italiano\/","title":{"rendered":"La U har\u00e1 contrato a joven por el que pregunta club italiano"},"content":{"rendered":"<p><img loading=\"lazy\" decoding=\"async\" class=\" size-full wp-image-4390\" src=\"http:\/\/www.rincondelbulla.cl\/portal\/wp-content\/uploads\/2012\/03\/1ca98d9c3a4a8177480757f1164fc28f.jpg\" alt=\"Foto:Claudio C\u00e1ceres\" width=\"1200\" height=\"800\" srcset=\"http:\/\/www.rincondelbulla.cl\/portal\/wp-content\/uploads\/2012\/03\/1ca98d9c3a4a8177480757f1164fc28f.jpg 1200w, http:\/\/www.rincondelbulla.cl\/portal\/wp-content\/uploads\/2012\/03\/1ca98d9c3a4a8177480757f1164fc28f-300x200.jpg 300w, http:\/\/www.rincondelbulla.cl\/portal\/wp-content\/uploads\/2012\/03\/1ca98d9c3a4a8177480757f1164fc28f-768x512.jpg 768w, http:\/\/www.rincondelbulla.cl\/portal\/wp-content\/uploads\/2012\/03\/1ca98d9c3a4a8177480757f1164fc28f-696x464.jpg 696w, http:\/\/www.rincondelbulla.cl\/portal\/wp-content\/uploads\/2012\/03\/1ca98d9c3a4a8177480757f1164fc28f-1068x712.jpg 1068w, http:\/\/www.rincondelbulla.cl\/portal\/wp-content\/uploads\/2012\/03\/1ca98d9c3a4a8177480757f1164fc28f-630x420.jpg 630w\" sizes=\"auto, (max-width: 1200px) 100vw, 1200px\" \/><\/p>\n<p><strong>Universidad de Chile\u00a0 vive d\u00edas felices desde hace rato. Si antes fue porque gan\u00f3 el t\u00edtulo del Apertura y Clausura 2011, m\u00e1s la Copa Sudamericana, ahora es porque el equipo ya encuentra su alto nivel y porque lidera el presente campeonato.<\/strong>  <!--more-->  <\/p>\n<p>Fuente:www.terra.cl<\/p>\n<p>Pero no es lo \u00fanico que ilusiona a los dirigentes de Azul Azul. Tambi\u00e9n es el hecho que varias de sus figuras son miradas desde Europa, lo que supondr\u00eda una perdida en lo deportivo, pero una gran ganancia en las arcas colegiales.<\/p>\n<p>Seg\u00fan una alta fuente de TERRA al interior del directorio colegial, los estudiantiles apresuran terminar el contrato como profesional del joven y promisorio Igor Lichnovsky Osorio, quien ya es visto por un importante club de Italia.<\/p>\n<p>Por el nacido el 7 de marzo de 1994 pregunt\u00f3 el Inter de Milan, seg\u00fan revel\u00f3 el mismo informante, elenco que\u00a0 ve con agrado su desempe\u00f1o y sus caracter\u00edsticas f\u00edsicas (tiene 18 a\u00f1os y mide 187 cent\u00edmetros).<\/p>\n<p>Los azules, a sabiendas que sus figuras podr\u00edan partir, ya trabajan en renovaciones de contratos o extender algunos v\u00ednculos. Eugenio Mena, por ejemplo, alarg\u00f3 su estancia en el CDA y ahora los regentes van por asegurar m\u00e1s tiempo a dos valores estelares.<\/p>\n<p>El primero es Mat\u00edas Rodr\u00edguez, por quien hay un inter\u00e9s real y concreto del Benfica, mientras que el segundo es el peruano Ra\u00fal Ruid\u00edaz, quien tiene un precontrato a mitad de a\u00f1o con el mismo elenco portugu\u00e9s, pero los colegiales lo quieren retener hasta diciembre de 2012.<\/p>\n","protected":false},"excerpt":{"rendered":"<p>Universidad de Chile\u00a0 vive d\u00edas felices desde hace rato. Si antes fue porque gan\u00f3 el t\u00edtulo del Apertura y Clausura 2011, m\u00e1s la Copa Sudamericana, ahora es porque el equipo ya encuentra su alto nivel y porque lidera el presente campeonato.<\/p>\n","protected":false},"author":1,"featured_media":4390,"comment_status":"open","ping_status":"open","sticky":false,"template":"","format":"standard","meta":{"footnotes":""},"categories":[18],"tags":[],"class_list":{"0":"post-2779","1":"post","2":"type-post","3":"status-publish","4":"format-standard","5":"has-post-thumbnail","7":"category-actualidad"},"_links":{"self":[{"href":"http:\/\/www.rincondelbulla.cl\/portal\/wp-json\/wp\/v2\/posts\/2779","targetHints":{"allow":["GET"]}}],"collection":[{"href":"http:\/\/www.rincondelbulla.cl\/portal\/wp-json\/wp\/v2\/posts"}],"about":[{"href":"http:\/\/www.rincondelbulla.cl\/portal\/wp-json\/wp\/v2\/types\/post"}],"author":[{"embeddable":true,"href":"http:\/\/www.rincondelbulla.cl\/portal\/wp-json\/wp\/v2\/users\/1"}],"replies":[{"embeddable":true,"href":"http:\/\/www.rincondelbulla.cl\/portal\/wp-json\/wp\/v2\/comments?post=2779"}],"version-history":[{"count":0,"href":"http:\/\/www.rincondelbulla.cl\/portal\/wp-json\/wp\/v2\/posts\/2779\/revisions"}],"wp:featuredmedia":[{"embeddable":true,"href":"http:\/\/www.rincondelbulla.cl\/portal\/wp-json\/wp\/v2\/media\/4390"}],"wp:attachment":[{"href":"http:\/\/www.rincondelbulla.cl\/portal\/wp-json\/wp\/v2\/media?parent=2779"}],"wp:term":[{"taxonomy":"category","embeddable":true,"href":"http:\/\/www.rincondelbulla.cl\/portal\/wp-json\/wp\/v2\/categories?post=2779"},{"taxonomy":"post_tag","embeddable":true,"href":"http:\/\/www.rincondelbulla.cl\/portal\/wp-json\/wp\/v2\/tags?post=2779"}],"curies":[{"name":"wp","href":"https:\/\/api.w.org\/{rel}","templated":true}]}}