{"id":2797,"date":"2012-04-05T17:13:37","date_gmt":"2012-04-05T17:13:37","guid":{"rendered":"http:\/\/www.rincondelbulla.cl\/portal\/?p=2797"},"modified":"2012-04-05T17:13:37","modified_gmt":"2012-04-05T17:13:37","slug":"sampaoli-no-se-conforma-ante-atletico-vamos-a-jugar-a-muerte","status":"publish","type":"post","link":"http:\/\/www.rincondelbulla.cl\/portal\/2012\/04\/05\/sampaoli-no-se-conforma-ante-atletico-vamos-a-jugar-a-muerte\/","title":{"rendered":"Sampaoli no se conforma: \u00abAnte Atl\u00e9tico vamos a jugar a muerte\u00bb"},"content":{"rendered":"<figure id=\"attachment_4406\" aria-describedby=\"caption-attachment-4406\" style=\"width: 700px\" class=\"wp-caption alignnone\"><img loading=\"lazy\" decoding=\"async\" class=\" size-full wp-image-4406\" src=\"http:\/\/www.rincondelbulla.cl\/portal\/wp-content\/uploads\/2012\/04\/87b1b3b74c11543f31520df0522706cd.jpg\" alt=\"Foto: Claudio C\u00e1ceres\" class=\"caption\" title=\"Sampaoli quiere m\u00e1s\" width=\"700\" height=\"396\" srcset=\"http:\/\/www.rincondelbulla.cl\/portal\/wp-content\/uploads\/2012\/04\/87b1b3b74c11543f31520df0522706cd.jpg 700w, http:\/\/www.rincondelbulla.cl\/portal\/wp-content\/uploads\/2012\/04\/87b1b3b74c11543f31520df0522706cd-300x170.jpg 300w, http:\/\/www.rincondelbulla.cl\/portal\/wp-content\/uploads\/2012\/04\/87b1b3b74c11543f31520df0522706cd-696x394.jpg 696w\" sizes=\"auto, (max-width: 700px) 100vw, 700px\" \/><figcaption id=\"caption-attachment-4406\" class=\"wp-caption-text\">Sampaoli quiere m\u00e1s<\/figcaption><\/figure>\n<p><strong>Pese a lograr la clasificaci\u00f3n a los octavos en la Libertadores, el DT de la U se\u00f1al\u00f3 que \u00abqueremos seguir luchando en esta copa\u00bb.<\/strong> <!--more--> Pese a clasificar a los octavos de final de la Copa Libertadores, luego de derrotar por 1-0 a Godoy Cruz en Mendoza, el t\u00e9cnico de Universidad de Chile, Jorge Sampaoli, no se conforma.<\/p>\n<p>&nbsp;<\/p>\n<p>De cara al \u00faltimo choque por el Grupo 8 ante Atl\u00e9tico Nacional de Medell\u00edn, el DT se\u00f1al\u00f3 que \u00ablo vamos a jugar a muerte para sumar tres puntos m\u00e1s y as\u00ed seguir luchando en esta copa\u00bb.<\/p>\n<p>&nbsp;<\/p>\n<p>Agreg\u00f3 que \u00abestamos intentando generar la posibilidad de protagonizar en cualquier escenario&nbsp; lo que se hizo el a\u00f1o pasado en la Sudamericana\u00bb.<\/p>\n<p>&nbsp;<\/p>\n<p>Sobre la victoria en tierras argentinas dijo que \u00aben el primer tiempo fuimos muy superiores. Debimos haber hecho un gol m\u00e1s, ten\u00edamos el control del juego, con mayor protagonismo. En el segundo tiempo nos metieron un poco m\u00e1s, porque ellos crecieron\u00bb.<\/p>\n<p>&nbsp;<\/p>\n<p>Destac\u00f3 que \u00abeste equipo haya ganado y logrado la clasificaci\u00f3n en Mendoza, porque si no gan\u00e1bamos ac\u00e1 seguramente la clasificaci\u00f3n estaba en riesgo\u00bb.<\/p>\n<p>&nbsp;<\/p>\n<p>En esa l\u00ednea, a\u00f1adi\u00f3 que \u00ablo importantes fue habernos recuperado despu\u00e9s de un arranque dif\u00edcil en Colombia y ahora clasificar antes de que termine la zona, en un grupo muy complicado, eso se valora\u00bb.<\/p>\n<p>&nbsp;<\/p>\n<p><strong>Fuente: Emol.com<\/strong><\/p>\n","protected":false},"excerpt":{"rendered":"<p>Pese a lograr la clasificaci\u00f3n a los octavos en la Libertadores, el DT de la U se\u00f1al\u00f3 que \u00abqueremos seguir luchando en esta copa\u00bb.<\/p>\n","protected":false},"author":1,"featured_media":4406,"comment_status":"open","ping_status":"open","sticky":false,"template":"","format":"standard","meta":{"footnotes":""},"categories":[18],"tags":[454,95,40],"class_list":{"0":"post-2797","1":"post","2":"type-post","3":"status-publish","4":"format-standard","5":"has-post-thumbnail","7":"category-actualidad","8":"tag-actualidad","9":"tag-copa-libertadores-2012","10":"tag-jorge-sampaoli"},"_links":{"self":[{"href":"http:\/\/www.rincondelbulla.cl\/portal\/wp-json\/wp\/v2\/posts\/2797","targetHints":{"allow":["GET"]}}],"collection":[{"href":"http:\/\/www.rincondelbulla.cl\/portal\/wp-json\/wp\/v2\/posts"}],"about":[{"href":"http:\/\/www.rincondelbulla.cl\/portal\/wp-json\/wp\/v2\/types\/post"}],"author":[{"embeddable":true,"href":"http:\/\/www.rincondelbulla.cl\/portal\/wp-json\/wp\/v2\/users\/1"}],"replies":[{"embeddable":true,"href":"http:\/\/www.rincondelbulla.cl\/portal\/wp-json\/wp\/v2\/comments?post=2797"}],"version-history":[{"count":0,"href":"http:\/\/www.rincondelbulla.cl\/portal\/wp-json\/wp\/v2\/posts\/2797\/revisions"}],"wp:featuredmedia":[{"embeddable":true,"href":"http:\/\/www.rincondelbulla.cl\/portal\/wp-json\/wp\/v2\/media\/4406"}],"wp:attachment":[{"href":"http:\/\/www.rincondelbulla.cl\/portal\/wp-json\/wp\/v2\/media?parent=2797"}],"wp:term":[{"taxonomy":"category","embeddable":true,"href":"http:\/\/www.rincondelbulla.cl\/portal\/wp-json\/wp\/v2\/categories?post=2797"},{"taxonomy":"post_tag","embeddable":true,"href":"http:\/\/www.rincondelbulla.cl\/portal\/wp-json\/wp\/v2\/tags?post=2797"}],"curies":[{"name":"wp","href":"https:\/\/api.w.org\/{rel}","templated":true}]}}