{"id":2798,"date":"2012-04-06T00:56:03","date_gmt":"2012-04-06T00:56:03","guid":{"rendered":"http:\/\/www.rincondelbulla.cl\/portal\/?p=2798"},"modified":"2012-04-06T00:56:03","modified_gmt":"2012-04-06T00:56:03","slug":"marca-personal-vs-godoy-cruz","status":"publish","type":"post","link":"http:\/\/www.rincondelbulla.cl\/portal\/2012\/04\/06\/marca-personal-vs-godoy-cruz\/","title":{"rendered":"Marca Personal vs. Godoy Cruz"},"content":{"rendered":"<figure id=\"attachment_4407\" aria-describedby=\"caption-attachment-4407\" style=\"width: 700px\" class=\"wp-caption alignnone\"><img loading=\"lazy\" decoding=\"async\" class=\" size-full wp-image-4407\" src=\"http:\/\/www.rincondelbulla.cl\/portal\/wp-content\/uploads\/2012\/04\/bd29dda72df58cc3674d37d866de01a3.jpg\" alt=\"Foto: AFP\" class=\"caption\" title=\"La U clasifica a los octavos de la Libertadores\" width=\"700\" height=\"396\" srcset=\"http:\/\/www.rincondelbulla.cl\/portal\/wp-content\/uploads\/2012\/04\/bd29dda72df58cc3674d37d866de01a3.jpg 700w, http:\/\/www.rincondelbulla.cl\/portal\/wp-content\/uploads\/2012\/04\/bd29dda72df58cc3674d37d866de01a3-300x170.jpg 300w, http:\/\/www.rincondelbulla.cl\/portal\/wp-content\/uploads\/2012\/04\/bd29dda72df58cc3674d37d866de01a3-696x394.jpg 696w\" sizes=\"auto, (max-width: 700px) 100vw, 700px\" \/><figcaption id=\"caption-attachment-4407\" class=\"wp-caption-text\">La U clasifica a los octavos de la Libertadores<\/figcaption><\/figure>\n<p><strong>Con un triunfo Universidad de Chile clasificaba a la siguiente ronda en Copa Libertadores, un triunfo que, se sab\u00eda, era muy posible, un triunfo que daba tranquilidad en un partido de 6 puntos, un triunfo que seguir\u00eda haciendo grande la era Sampaoli en la U, un triunfo que se sali\u00f3 a buscar desde el primer minuto y que se logr\u00f3. Los azules jugaron a gran nivel, sobre todo el primer tiempo. A todo eso se le suma una hinchada incondicional que hizo sentir a la U local en Mendoza. Tal vez un resultado flojo, porque en el comienzo el Le\u00f3n tuvo 4 opciones claras de gol, pero con el 1-0 basta y sobra para seguir so\u00f1ando.<\/strong> <!--more--> <strong>Jhonny Herrera:<\/strong> En el primer tiempo fue casi un espectador, sin embargo en la segunda parte fue requerido y respondi\u00f3 como siempre el mejor arquero de Am\u00e9rica. Nota: 7.0<\/p>\n<p><strong>Albert Acevedo:<\/strong> Tal vez uno de sus mejores partidos en la U. bien en la marca y despejando cuando fue necesario, sali\u00f3 jugando cuando pudo y salv\u00f3 un gol claro terminando el duelo. Nota: 6.5<\/p>\n<p><strong>Osvaldo Gonz\u00e1lez:<\/strong> Quiz\u00e1s el m\u00e1s flojo en defensa, aunque se mand\u00f3 al ataque cuando lo estim\u00f3 conveniente. Nota: 6.0<\/p>\n<p><strong>Jos\u00e9 Rojas:<\/strong> Excelente en la marca y en las salidas. Cada d\u00eda sube m\u00e1s su nivel. Nota: 7.0<\/p>\n<p><strong>Eugenio Mena:<\/strong> No fue determinante pero algo inquieto en ofensiva. Nota: 5.5<\/p>\n<p><strong>Marcelo D\u00edaz:<\/strong> Muy bien en el quite sobre todo. Se le extra\u00f1\u00f3 algo en ataque pero un buen partido. Nota: 6.5<\/p>\n<p><strong>Mat\u00edas Rodr\u00edguez:<\/strong> La figura de la U vivi\u00f3 uno de sus partidos m\u00e1s flojos, m\u00e1s a\u00fan cuando ya se espera mucho de \u00e9l, sin embargo no cometi\u00f3 errores. Nota: 6.0<\/p>\n<p><strong>Charles Ar\u00e1nguiz:<\/strong> Algo lento, no es el de antes pero se puede justificar por el cansancio. No brill\u00f3 pero aport\u00f3 lo suyo. Nota: 5.5<\/p>\n<p><strong>Gustavo Lorenzetti:<\/strong> Se le not\u00f3 algo livianito. Tal vez su estatura le juega en contra pero puede compensar con m\u00e1s rapidez. Nota: 5.5<\/p>\n<p><strong>\u00c1ngelo Henr\u00edquez:<\/strong> Convirti\u00f3 el gol del triunfo y siempre estuvo activo, adem\u00e1s corri\u00f3 a todos los balones y luch\u00f3 hasta el cansancio. Nota: 7.0<\/p>\n<p><strong>Junior Fern\u00e1ndes:<\/strong> Sali\u00f3 por un dolor estomacal, pero cuando estuvo en cancha gener\u00f3 jugadas de peligro. Nota: 6.0<\/p>\n<p><span style=\"text-decoration: underline;\"><strong>SUSTITUCIONES<\/strong><\/span><\/p>\n<p><strong>Roberto Cereceda:<\/strong> Ingres\u00f3 en el segundo tiempo y, a pesar de su rapidez, no fue lo que se esperaba. Nota: 5.5<\/p>\n<p><strong>Sebasti\u00e1n Mart\u00ednez:<\/strong> Ingres\u00f3 a los 72\u2019 y gener\u00f3 buenas jugadas. Ya est\u00e1 mostrando mucho m\u00e1s y tiene m\u00e1s confianza. Nota: 6.5<\/p>\n<p><strong>Ra\u00fal Ruid\u00edaz:<\/strong> Le cost\u00f3 entrar en juego, adem\u00e1s ingres\u00f3 cuando quedaba poco y estuvo algo solo en ofensiva. Nota: 5.5<\/p>\n","protected":false},"excerpt":{"rendered":"<p>Con un triunfo Universidad de Chile clasificaba a la siguiente ronda en Copa Libertadores, un triunfo que, se sab\u00eda, era muy posible, un triunfo que daba tranquilidad en un partido de 6 puntos, un triunfo que seguir\u00eda haciendo grande la era Sampaoli en la U, un triunfo que se sali\u00f3 a buscar desde el primer [&#8230;]<\/p>\n","protected":false},"author":57,"featured_media":4407,"comment_status":"open","ping_status":"open","sticky":false,"template":"","format":"standard","meta":{"footnotes":""},"categories":[18],"tags":[454,95,43],"class_list":{"0":"post-2798","1":"post","2":"type-post","3":"status-publish","4":"format-standard","5":"has-post-thumbnail","7":"category-actualidad","8":"tag-actualidad","9":"tag-copa-libertadores-2012","10":"tag-marca-personal"},"_links":{"self":[{"href":"http:\/\/www.rincondelbulla.cl\/portal\/wp-json\/wp\/v2\/posts\/2798","targetHints":{"allow":["GET"]}}],"collection":[{"href":"http:\/\/www.rincondelbulla.cl\/portal\/wp-json\/wp\/v2\/posts"}],"about":[{"href":"http:\/\/www.rincondelbulla.cl\/portal\/wp-json\/wp\/v2\/types\/post"}],"author":[{"embeddable":true,"href":"http:\/\/www.rincondelbulla.cl\/portal\/wp-json\/wp\/v2\/users\/57"}],"replies":[{"embeddable":true,"href":"http:\/\/www.rincondelbulla.cl\/portal\/wp-json\/wp\/v2\/comments?post=2798"}],"version-history":[{"count":0,"href":"http:\/\/www.rincondelbulla.cl\/portal\/wp-json\/wp\/v2\/posts\/2798\/revisions"}],"wp:featuredmedia":[{"embeddable":true,"href":"http:\/\/www.rincondelbulla.cl\/portal\/wp-json\/wp\/v2\/media\/4407"}],"wp:attachment":[{"href":"http:\/\/www.rincondelbulla.cl\/portal\/wp-json\/wp\/v2\/media?parent=2798"}],"wp:term":[{"taxonomy":"category","embeddable":true,"href":"http:\/\/www.rincondelbulla.cl\/portal\/wp-json\/wp\/v2\/categories?post=2798"},{"taxonomy":"post_tag","embeddable":true,"href":"http:\/\/www.rincondelbulla.cl\/portal\/wp-json\/wp\/v2\/tags?post=2798"}],"curies":[{"name":"wp","href":"https:\/\/api.w.org\/{rel}","templated":true}]}}