{"id":2799,"date":"2012-04-05T17:30:52","date_gmt":"2012-04-05T17:30:52","guid":{"rendered":"http:\/\/www.rincondelbulla.cl\/portal\/?p=2799"},"modified":"2012-04-05T17:30:52","modified_gmt":"2012-04-05T17:30:52","slug":"mal-enfocados","status":"publish","type":"post","link":"http:\/\/www.rincondelbulla.cl\/portal\/2012\/04\/05\/mal-enfocados\/","title":{"rendered":"Mal enfocados"},"content":{"rendered":"<figure id=\"attachment_4408\" aria-describedby=\"caption-attachment-4408\" style=\"width: 700px\" class=\"wp-caption alignnone\"><img loading=\"lazy\" decoding=\"async\" class=\" size-full wp-image-4408\" src=\"http:\/\/www.rincondelbulla.cl\/portal\/wp-content\/uploads\/2012\/04\/ceea1c7fab940e109aadfc32733906a2.jpg\" alt=\"Foto: Claudio C\u00e1ceres\" class=\"caption\" title=\"No maten la fiesta del F\u00fatbol\" width=\"700\" height=\"396\" srcset=\"http:\/\/www.rincondelbulla.cl\/portal\/wp-content\/uploads\/2012\/04\/ceea1c7fab940e109aadfc32733906a2.jpg 700w, http:\/\/www.rincondelbulla.cl\/portal\/wp-content\/uploads\/2012\/04\/ceea1c7fab940e109aadfc32733906a2-300x170.jpg 300w, http:\/\/www.rincondelbulla.cl\/portal\/wp-content\/uploads\/2012\/04\/ceea1c7fab940e109aadfc32733906a2-696x394.jpg 696w\" sizes=\"auto, (max-width: 700px) 100vw, 700px\" \/><figcaption id=\"caption-attachment-4408\" class=\"wp-caption-text\">No maten la fiesta del F\u00fatbol<\/figcaption><\/figure>\n<p><strong>La delincuencia ha penetrado en el f\u00fatbol y por desgracia la hinchada azul ha hecho noticia por ello. Mientras tanto, el plan Estadio Seguro se pone riguroso a niveles ins\u00f3litos. En s\u00edntesis, todos colaboran para que el f\u00fatbol se vaya al carajo.<\/strong> <!--more--> Las disputas internas de la barra han sido un penoso antecedente de este a\u00f1o 2012, y no ayuda en nada al exitoso momento institucional que un grupo de retr\u00f3gradas prefieran ver el vaso medio vac\u00edo en una excelente gesti\u00f3n de Azul Azul.<\/p>\n<p>\u00bfResultado? Sanciones, alejamiento de la familia, mal prestigio internacional (s\u00ed, mala fama, porque no es positivo para la U ser conocida en Sudam\u00e9rica por delincuentes), y lo peor de hoy en d\u00eda: medidas exageradas de parte del gobierno.<\/p>\n<p>Aqu\u00ed quiero detenerme un segundo para se\u00f1alar que esta columna es un reclamo doble. El primero ya extendido hacia la tropa de delincuentes de camiseta azul que d\u00eda a d\u00eda sorprenden m\u00e1s por su escaso nivel de inteligencia, ya que a\u00fan intentan imponer su postura mediante la \u201cchoreza\u201d. En serio: det\u00e9nganse. Los que de verdad queremos ver a esta instituci\u00f3n en alto no estamos de acuerdo con su actitud, imb\u00e9ciles.<\/p>\n<p>La segunda mitad de este texto va dirigido a otros mal enfocados. Personalmente como periodista no entiendo cu\u00e1l es la idea de Cristi\u00e1n Barra y su staff del plan Estadio Seguro a la hora de decretar las nuevas medidas de la cuestionada estrategia.<\/p>\n<p>Estoy completamente de acuerdo con la fiscalizaci\u00f3n rigurosa que permita dejar fuera a quienes no hacen m\u00e1s que da\u00f1ar el f\u00fatbol chileno, sin importar su camiseta. Sin embargo, \u00bfdejar fuera bombos, papel picado, lienzos, banderas? \u00bfProhibir que los hinchas se mantengan de pie? Se\u00f1ores, basta por favor.<\/p>\n<p>Si creen que imitando fielmente el modelo europeo van a detener la violencia est\u00e1n equivocad\u00edsimos. La van a detener aprehendiendo a los delincuentes, apadronando y fiscalizando correctamente.<\/p>\n<p>Lo que caracteriza al f\u00fatbol sudamericano es la festividad de su gente, la m\u00edstica de un f\u00fatbol mucho m\u00e1s libre y creativo desde la cancha hasta las galer\u00edas que el del viejo continente, de car\u00e1cter organizado y de mejor calidad en numerosos aspectos sin duda, pero ah\u00ed ya entran a jugar los millones; otro tema.<\/p>\n<p>Por favor, no maten la magia del f\u00fatbol sudamericano. Quiten las bengalas que sirven para que irresponsables pierdan el norte. Veten de por vida a los delincuentes que cometen cr\u00edmenes en las inmediaciones de un coliseo deportivo. Pero no hagan que las trompetas se callen, que los bombos se silencien y que las banderas pierdan el color. As\u00ed no hacen nada m\u00e1s que quitarle el encanto a una fiesta \u00fanica en el mundo.<\/p>\n","protected":false},"excerpt":{"rendered":"<p>La delincuencia ha penetrado en el f\u00fatbol y por desgracia la hinchada azul ha hecho noticia por ello. Mientras tanto, el plan Estadio Seguro se pone riguroso a niveles ins\u00f3litos. En s\u00edntesis, todos colaboran para que el f\u00fatbol se vaya al carajo.<\/p>\n","protected":false},"author":54,"featured_media":4408,"comment_status":"open","ping_status":"open","sticky":false,"template":"","format":"standard","meta":{"footnotes":""},"categories":[18],"tags":[36],"class_list":{"0":"post-2799","1":"post","2":"type-post","3":"status-publish","4":"format-standard","5":"has-post-thumbnail","7":"category-actualidad","8":"tag-opinion"},"_links":{"self":[{"href":"http:\/\/www.rincondelbulla.cl\/portal\/wp-json\/wp\/v2\/posts\/2799","targetHints":{"allow":["GET"]}}],"collection":[{"href":"http:\/\/www.rincondelbulla.cl\/portal\/wp-json\/wp\/v2\/posts"}],"about":[{"href":"http:\/\/www.rincondelbulla.cl\/portal\/wp-json\/wp\/v2\/types\/post"}],"author":[{"embeddable":true,"href":"http:\/\/www.rincondelbulla.cl\/portal\/wp-json\/wp\/v2\/users\/54"}],"replies":[{"embeddable":true,"href":"http:\/\/www.rincondelbulla.cl\/portal\/wp-json\/wp\/v2\/comments?post=2799"}],"version-history":[{"count":0,"href":"http:\/\/www.rincondelbulla.cl\/portal\/wp-json\/wp\/v2\/posts\/2799\/revisions"}],"wp:featuredmedia":[{"embeddable":true,"href":"http:\/\/www.rincondelbulla.cl\/portal\/wp-json\/wp\/v2\/media\/4408"}],"wp:attachment":[{"href":"http:\/\/www.rincondelbulla.cl\/portal\/wp-json\/wp\/v2\/media?parent=2799"}],"wp:term":[{"taxonomy":"category","embeddable":true,"href":"http:\/\/www.rincondelbulla.cl\/portal\/wp-json\/wp\/v2\/categories?post=2799"},{"taxonomy":"post_tag","embeddable":true,"href":"http:\/\/www.rincondelbulla.cl\/portal\/wp-json\/wp\/v2\/tags?post=2799"}],"curies":[{"name":"wp","href":"https:\/\/api.w.org\/{rel}","templated":true}]}}