{"id":2808,"date":"2012-04-10T21:33:11","date_gmt":"2012-04-10T21:33:11","guid":{"rendered":"http:\/\/www.rincondelbulla.cl\/portal\/?p=2808"},"modified":"2012-04-10T21:33:11","modified_gmt":"2012-04-10T21:33:11","slug":"hace-19-anos-en-san-fernando-nacio-la-leyenda-del-matador","status":"publish","type":"post","link":"http:\/\/www.rincondelbulla.cl\/portal\/2012\/04\/10\/hace-19-anos-en-san-fernando-nacio-la-leyenda-del-matador\/","title":{"rendered":"Hace 19 a\u00f1os, en San Fernando, naci\u00f3 la leyenda del \u00abMatador\u00bb"},"content":{"rendered":"<figure id=\"attachment_4416\" aria-describedby=\"caption-attachment-4416\" style=\"width: 700px\" class=\"wp-caption alignnone\"><img loading=\"lazy\" decoding=\"async\" class=\" size-full wp-image-4416\" src=\"http:\/\/www.rincondelbulla.cl\/portal\/wp-content\/uploads\/2012\/04\/30af13a51cac937c28d30b84e498213a.jpg\" alt=\"Foto: Photosport\" class=\"caption\" title=\"Hace 19 a\u00f1os, naci\u00f3 la leyenda del \"Matador\"\" width=\"700\" height=\"396\" srcset=\"http:\/\/www.rincondelbulla.cl\/portal\/wp-content\/uploads\/2012\/04\/30af13a51cac937c28d30b84e498213a.jpg 700w, http:\/\/www.rincondelbulla.cl\/portal\/wp-content\/uploads\/2012\/04\/30af13a51cac937c28d30b84e498213a-300x170.jpg 300w, http:\/\/www.rincondelbulla.cl\/portal\/wp-content\/uploads\/2012\/04\/30af13a51cac937c28d30b84e498213a-696x394.jpg 696w\" sizes=\"auto, (max-width: 700px) 100vw, 700px\" \/><figcaption id=\"caption-attachment-4416\" class=\"wp-caption-text\">Hace 19 a\u00f1os, naci\u00f3 la leyenda del<\/figcaption><\/figure>\n<p><strong>Hoy, martes 10 de abril, se cumplen 19 a\u00f1os del debut de uno de los delanteros m\u00e1s importantes en la historia del Club Universidad de Chile, Jos\u00e9 Marcelo Salas.<\/strong> <!--more--> El \u201cMatador\u201d jug\u00f3 su primer partido por la \u201cU\u201d en la Copa Chile de 1993, espec\u00edficamente en el estadio Jorge Mu\u00f1oz Silva de la ciudad de San Fernando, en el triunfo por la cuenta m\u00ednima del Equipo Azul a los sobre Colchagua (gol de Richard Zambrano a los 74\u2019).<\/p>\n<p>&nbsp;<\/p>\n<p>Salas ingres\u00f3 a la cancha en el minuto 76\u2019, autorizado por el \u00e1rbitro Nestor Mondr\u00eda, y reemplaz\u00f3 a Mariano Puyol. El entrenador de aquel entonces era Arturo Salah, quien acostumbraba dar oportunidades a valores j\u00f3venes que ven\u00edan apareciendo de la cantera azul.<\/p>\n<p>&nbsp;<\/p>\n<p>El actual entrenador de la categor\u00eda Sub 14 de la \u201cU\u201d, Marcelo Jara, jug\u00f3 ese partido y recuerda al \u201cMatador\u201d como \u201cun muchacho con mucha personalidad que ya ven\u00eda deslumbrando en los torneos de cadetes y en las selecciones menores. Todos sab\u00edamos que era cuesti\u00f3n de tiempo para que se hiciera notar en el profesionalismo y creo que eso se dio en el cl\u00e1sico de ese mismo a\u00f1o cuando se mostr\u00f3 como el gran goleador que fue en su carrera\u201d<\/p>\n<p>&nbsp;<\/p>\n<p>Un total de 3.650 espectadores tuvieron la suerte de ver el debut de Jos\u00e9 Marcelo Salas, quien luego se convertir\u00eda en uno de los m\u00e1s grandes \u00eddolos de la instituci\u00f3n y en el goleador hist\u00f3rico de la selecci\u00f3n chilena, con 37 anotaciones<\/p>\n<p>&nbsp;<\/p>\n<p>Salas marc\u00f3 un total de 155 goles en torneos oficiales de Primera Divisi\u00f3n y 248 goles como futbolista profesional; 111 en la \u201cU\u201d, 48 en River Plate, 48 en la Lazio y 4 en la Juventus.<\/p>\n<p>&nbsp;<\/p>\n<p><strong>Fuente:<\/strong> Udechile.cl<\/p>\n<div class=\"k2_video\">\n<div class=\"k2_video_caption\">Especial Matador<\/div>\n<p> {youtube}IVHeNCXW5ig{\/youtube}<\/p>\n<div class=\"k2_video_credits\">Video: Youtube<\/div>\n<\/p><\/div>\n","protected":false},"excerpt":{"rendered":"<p>Hoy, martes 10 de abril, se cumplen 19 a\u00f1os del debut de uno de los delanteros m\u00e1s importantes en la historia del Club Universidad de Chile, Jos\u00e9 Marcelo Salas.<\/p>\n","protected":false},"author":1,"featured_media":4416,"comment_status":"open","ping_status":"open","sticky":false,"template":"","format":"standard","meta":{"footnotes":""},"categories":[18],"tags":[63],"class_list":{"0":"post-2808","1":"post","2":"type-post","3":"status-publish","4":"format-standard","5":"has-post-thumbnail","7":"category-actualidad","8":"tag-marcelo-salas"},"_links":{"self":[{"href":"http:\/\/www.rincondelbulla.cl\/portal\/wp-json\/wp\/v2\/posts\/2808","targetHints":{"allow":["GET"]}}],"collection":[{"href":"http:\/\/www.rincondelbulla.cl\/portal\/wp-json\/wp\/v2\/posts"}],"about":[{"href":"http:\/\/www.rincondelbulla.cl\/portal\/wp-json\/wp\/v2\/types\/post"}],"author":[{"embeddable":true,"href":"http:\/\/www.rincondelbulla.cl\/portal\/wp-json\/wp\/v2\/users\/1"}],"replies":[{"embeddable":true,"href":"http:\/\/www.rincondelbulla.cl\/portal\/wp-json\/wp\/v2\/comments?post=2808"}],"version-history":[{"count":0,"href":"http:\/\/www.rincondelbulla.cl\/portal\/wp-json\/wp\/v2\/posts\/2808\/revisions"}],"wp:featuredmedia":[{"embeddable":true,"href":"http:\/\/www.rincondelbulla.cl\/portal\/wp-json\/wp\/v2\/media\/4416"}],"wp:attachment":[{"href":"http:\/\/www.rincondelbulla.cl\/portal\/wp-json\/wp\/v2\/media?parent=2808"}],"wp:term":[{"taxonomy":"category","embeddable":true,"href":"http:\/\/www.rincondelbulla.cl\/portal\/wp-json\/wp\/v2\/categories?post=2808"},{"taxonomy":"post_tag","embeddable":true,"href":"http:\/\/www.rincondelbulla.cl\/portal\/wp-json\/wp\/v2\/tags?post=2808"}],"curies":[{"name":"wp","href":"https:\/\/api.w.org\/{rel}","templated":true}]}}