{"id":2812,"date":"2012-04-10T23:32:55","date_gmt":"2012-04-10T23:32:55","guid":{"rendered":"http:\/\/www.rincondelbulla.cl\/portal\/?p=2812"},"modified":"2012-04-10T23:32:55","modified_gmt":"2012-04-10T23:32:55","slug":"ya-se-inicio-la-preventa-para-el-partido-con-atletico-nacional","status":"publish","type":"post","link":"http:\/\/www.rincondelbulla.cl\/portal\/2012\/04\/10\/ya-se-inicio-la-preventa-para-el-partido-con-atletico-nacional\/","title":{"rendered":"Ya se inici\u00f3 la preventa para el partido con Atl\u00e9tico Nacional"},"content":{"rendered":"<figure id=\"attachment_4418\" aria-describedby=\"caption-attachment-4418\" style=\"width: 700px\" class=\"wp-caption alignnone\"><img loading=\"lazy\" decoding=\"async\" class=\" size-full wp-image-4418\" src=\"http:\/\/www.rincondelbulla.cl\/portal\/wp-content\/uploads\/2012\/04\/20f898136168c22285627099a1664e0b.jpg\" alt=\"Foto: Claudio C\u00e1ceres\" class=\"caption\" title=\"se inici\u00f3 la preventa para el partido con Atl\u00e9tico Nacional\" width=\"700\" height=\"396\" srcset=\"http:\/\/www.rincondelbulla.cl\/portal\/wp-content\/uploads\/2012\/04\/20f898136168c22285627099a1664e0b.jpg 700w, http:\/\/www.rincondelbulla.cl\/portal\/wp-content\/uploads\/2012\/04\/20f898136168c22285627099a1664e0b-300x170.jpg 300w, http:\/\/www.rincondelbulla.cl\/portal\/wp-content\/uploads\/2012\/04\/20f898136168c22285627099a1664e0b-696x394.jpg 696w\" sizes=\"auto, (max-width: 700px) 100vw, 700px\" \/><figcaption id=\"caption-attachment-4418\" class=\"wp-caption-text\">se inici\u00f3 la preventa para el partido con Atl\u00e9tico Nacional<\/figcaption><\/figure>\n<p><strong>Hoy, martes 10 de abril, se inici\u00f3 la preventa de entradas para el partido con Atl\u00e9tico Nacional, a disputarse el jueves 19 de abril, a las 21:00 horas, en el Estadio Nacional. Comprando antes ahorras en Galer\u00eda y Andes.<\/strong> <!--more--> La adquisici\u00f3n de boletos por preventa ser\u00e1 exclusivamente a trav\u00e9s de Internet por el sistema Puntoticket (www.puntoticket.com) y se extender\u00e1 hasta el s\u00e1bado 14. Del domingo 15 en adelante, ya sin descuento, la venta de entradas ser\u00e1 en locales habilitados de Ripley y Cinemark.<\/p>\n<p>&nbsp;<\/p>\n<p>Las entradas de socios tarjeta azul y empadronados, as\u00ed como los boletos de ni\u00f1os se vender\u00e1n hasta agotar stock. No habr\u00e1 venta en el Estadio Nacional, ni antes ni el mismo d\u00eda del encuentro.<\/p>\n<p>&nbsp;<\/p>\n<p><span style=\"text-decoration: underline;\"><strong>Valores:<\/strong><\/span><\/p>\n<p><span style=\"text-decoration: underline;\"><strong><br \/><\/strong><\/span><\/p>\n<p>Tribuna : $30.000<br \/>Andes preventa : $10.000<br \/>Andes normal: $12.000<br \/>Galer\u00eda preventa: $5.000<br \/>Galer\u00eda normal: $6.000<br \/>Socio empadronado (una por persona): $3.000<br \/>Socio tarjeta azul (una por persona): $3.000<br \/>Ni\u00f1os: $3.000<br \/>Entrada visita: $10.000<\/p>\n","protected":false},"excerpt":{"rendered":"<p>Hoy, martes 10 de abril, se inici\u00f3 la preventa de entradas para el partido con Atl\u00e9tico Nacional, a disputarse el jueves 19 de abril, a las 21:00 horas, en el Estadio Nacional. Comprando antes ahorras en Galer\u00eda y Andes.<\/p>\n","protected":false},"author":1,"featured_media":4418,"comment_status":"open","ping_status":"open","sticky":false,"template":"","format":"standard","meta":{"footnotes":""},"categories":[18],"tags":[454,95,83],"class_list":{"0":"post-2812","1":"post","2":"type-post","3":"status-publish","4":"format-standard","5":"has-post-thumbnail","7":"category-actualidad","8":"tag-actualidad","9":"tag-copa-libertadores-2012","10":"tag-venta-de-entradas"},"_links":{"self":[{"href":"http:\/\/www.rincondelbulla.cl\/portal\/wp-json\/wp\/v2\/posts\/2812","targetHints":{"allow":["GET"]}}],"collection":[{"href":"http:\/\/www.rincondelbulla.cl\/portal\/wp-json\/wp\/v2\/posts"}],"about":[{"href":"http:\/\/www.rincondelbulla.cl\/portal\/wp-json\/wp\/v2\/types\/post"}],"author":[{"embeddable":true,"href":"http:\/\/www.rincondelbulla.cl\/portal\/wp-json\/wp\/v2\/users\/1"}],"replies":[{"embeddable":true,"href":"http:\/\/www.rincondelbulla.cl\/portal\/wp-json\/wp\/v2\/comments?post=2812"}],"version-history":[{"count":0,"href":"http:\/\/www.rincondelbulla.cl\/portal\/wp-json\/wp\/v2\/posts\/2812\/revisions"}],"wp:featuredmedia":[{"embeddable":true,"href":"http:\/\/www.rincondelbulla.cl\/portal\/wp-json\/wp\/v2\/media\/4418"}],"wp:attachment":[{"href":"http:\/\/www.rincondelbulla.cl\/portal\/wp-json\/wp\/v2\/media?parent=2812"}],"wp:term":[{"taxonomy":"category","embeddable":true,"href":"http:\/\/www.rincondelbulla.cl\/portal\/wp-json\/wp\/v2\/categories?post=2812"},{"taxonomy":"post_tag","embeddable":true,"href":"http:\/\/www.rincondelbulla.cl\/portal\/wp-json\/wp\/v2\/tags?post=2812"}],"curies":[{"name":"wp","href":"https:\/\/api.w.org\/{rel}","templated":true}]}}