{"id":2813,"date":"2012-04-11T21:05:35","date_gmt":"2012-04-11T21:05:35","guid":{"rendered":"http:\/\/www.rincondelbulla.cl\/portal\/?p=2813"},"modified":"2012-04-11T21:05:35","modified_gmt":"2012-04-11T21:05:35","slug":"jose-yuraszeck-asume-presidencia-de-universidad-de-chile","status":"publish","type":"post","link":"http:\/\/www.rincondelbulla.cl\/portal\/2012\/04\/11\/jose-yuraszeck-asume-presidencia-de-universidad-de-chile\/","title":{"rendered":"Jos\u00e9 Yuraszeck asume presidencia de Universidad de Chile"},"content":{"rendered":"<figure id=\"attachment_4419\" aria-describedby=\"caption-attachment-4419\" style=\"width: 700px\" class=\"wp-caption alignnone\"><img loading=\"lazy\" decoding=\"async\" class=\" size-full wp-image-4419\" src=\"http:\/\/www.rincondelbulla.cl\/portal\/wp-content\/uploads\/2012\/04\/535a980f75319ea470a7306d90ae1524.jpg\" alt=\"Foto: Udechile.cl\" class=\"caption\" title=\"Jos\u00e9 Yuraszeck es el nuevo presidente de Azul Azul\" width=\"700\" height=\"396\" srcset=\"http:\/\/www.rincondelbulla.cl\/portal\/wp-content\/uploads\/2012\/04\/535a980f75319ea470a7306d90ae1524.jpg 700w, http:\/\/www.rincondelbulla.cl\/portal\/wp-content\/uploads\/2012\/04\/535a980f75319ea470a7306d90ae1524-300x170.jpg 300w, http:\/\/www.rincondelbulla.cl\/portal\/wp-content\/uploads\/2012\/04\/535a980f75319ea470a7306d90ae1524-696x394.jpg 696w\" sizes=\"auto, (max-width: 700px) 100vw, 700px\" \/><figcaption id=\"caption-attachment-4419\" class=\"wp-caption-text\">Jos\u00e9 Yuraszeck es el nuevo presidente de Azul Azul<\/figcaption><\/figure>\n<p><strong>El nuevo presidente del Club Universidad de Chile delineo las principales l\u00edneas de trabajo para los pr\u00f3ximos tres a\u00f1os, con cinco ejes centrales. Adem\u00e1s, anunci\u00f3 la creaci\u00f3n de tres comisiones permanentes: F\u00fatbol, Finanzas y Auditor\u00eda, y Estadio.<\/strong> <!--more--> En reuni\u00f3n de directorio realizada durante la tarde de hoy, sus miembros eligieron a Jos\u00e9 Yuraszeck Troncoso como nuevo presidente del Club para los pr\u00f3ximos tres a\u00f1os.<\/p>\n<p>&nbsp;<\/p>\n<p>El nuevo presidente present\u00f3 su plan de trabajo, el que considera un directorio integrado exclusivamente por profesionales hinchas de la \u201cU\u201d y que contempla cinco ejes principales: continuar potenciando el trabajo del primer equipo, \u00e9nfasis en el desarrollo del f\u00fatbol joven, un plan espec\u00edfico para socios, hinchas y abonados, la internacionalizaci\u00f3n del club y la construcci\u00f3n del estadio.<\/p>\n<p>&nbsp;<\/p>\n<p>Yuraszeck se\u00f1al\u00f3 que alcanzar la presidencia del club \u2013del cual es hincha desde la ni\u00f1ez- constituye uno de los principales desaf\u00edos de su carrera profesional y asegur\u00f3 que: \u201charemos todo lo que est\u00e9 a nuestro alcance para continuar en la senda de \u00e9xitos y buena gesti\u00f3n de los \u00faltimos cuatro a\u00f1os\u201d.<\/p>\n<p>&nbsp;<\/p>\n<p>El nuevo presidente del Club anunci\u00f3 la creaci\u00f3n tres comisiones al interior del directorio. Estas corresponden a la comisi\u00f3n de F\u00fatbol, que ser\u00e1 presidida por Peter Hiller y compuesta por Carlos Alberto D\u00e9lano, Mario Conca y Roberto Nahum. La comisi\u00f3n de Finanzas y Auditor\u00eda, integrada por Crist\u00f3bal Yuraszeck, Gonzalo Rojas y su presidente Mario Conca. Por \u00faltimo, la Comisi\u00f3n de Construcci\u00f3n del Estadio que ser\u00e1 presidida por Federico Vald\u00e9s y que integrar\u00e1n V\u00edctor P\u00e9rez, Sergio Weinstein, Carlos Alberto Delano y Carlos Heller. El flamante timonel, Jos\u00e9 Yuraszeck, tambi\u00e9n integrar\u00e1 las tres comisiones antes mencionadas.<\/p>\n<p>&nbsp;<\/p>\n<p><strong>Fuente:<\/strong> Udechile.cl<\/p>\n","protected":false},"excerpt":{"rendered":"<p>El nuevo presidente del Club Universidad de Chile delineo las principales l\u00edneas de trabajo para los pr\u00f3ximos tres a\u00f1os, con cinco ejes centrales. Adem\u00e1s, anunci\u00f3 la creaci\u00f3n de tres comisiones permanentes: F\u00fatbol, Finanzas y Auditor\u00eda, y Estadio.<\/p>\n","protected":false},"author":1,"featured_media":4419,"comment_status":"open","ping_status":"open","sticky":false,"template":"","format":"standard","meta":{"footnotes":""},"categories":[18],"tags":[64],"class_list":{"0":"post-2813","1":"post","2":"type-post","3":"status-publish","4":"format-standard","5":"has-post-thumbnail","7":"category-actualidad","8":"tag-jose-yuraszeck"},"_links":{"self":[{"href":"http:\/\/www.rincondelbulla.cl\/portal\/wp-json\/wp\/v2\/posts\/2813","targetHints":{"allow":["GET"]}}],"collection":[{"href":"http:\/\/www.rincondelbulla.cl\/portal\/wp-json\/wp\/v2\/posts"}],"about":[{"href":"http:\/\/www.rincondelbulla.cl\/portal\/wp-json\/wp\/v2\/types\/post"}],"author":[{"embeddable":true,"href":"http:\/\/www.rincondelbulla.cl\/portal\/wp-json\/wp\/v2\/users\/1"}],"replies":[{"embeddable":true,"href":"http:\/\/www.rincondelbulla.cl\/portal\/wp-json\/wp\/v2\/comments?post=2813"}],"version-history":[{"count":0,"href":"http:\/\/www.rincondelbulla.cl\/portal\/wp-json\/wp\/v2\/posts\/2813\/revisions"}],"wp:featuredmedia":[{"embeddable":true,"href":"http:\/\/www.rincondelbulla.cl\/portal\/wp-json\/wp\/v2\/media\/4419"}],"wp:attachment":[{"href":"http:\/\/www.rincondelbulla.cl\/portal\/wp-json\/wp\/v2\/media?parent=2813"}],"wp:term":[{"taxonomy":"category","embeddable":true,"href":"http:\/\/www.rincondelbulla.cl\/portal\/wp-json\/wp\/v2\/categories?post=2813"},{"taxonomy":"post_tag","embeddable":true,"href":"http:\/\/www.rincondelbulla.cl\/portal\/wp-json\/wp\/v2\/tags?post=2813"}],"curies":[{"name":"wp","href":"https:\/\/api.w.org\/{rel}","templated":true}]}}