{"id":2825,"date":"2012-04-16T21:01:46","date_gmt":"2012-04-16T21:01:46","guid":{"rendered":"http:\/\/www.rincondelbulla.cl\/portal\/?p=2825"},"modified":"2012-04-16T21:01:46","modified_gmt":"2012-04-16T21:01:46","slug":"el-capitan-quiere-que-el-futbol-sea-una-fiesta","status":"publish","type":"post","link":"http:\/\/www.rincondelbulla.cl\/portal\/2012\/04\/16\/el-capitan-quiere-que-el-futbol-sea-una-fiesta\/","title":{"rendered":"El Capit\u00e1n quiere que el f\u00fatbol sea una fiesta"},"content":{"rendered":"<figure id=\"attachment_4431\" aria-describedby=\"caption-attachment-4431\" style=\"width: 700px\" class=\"wp-caption alignnone\"><img loading=\"lazy\" decoding=\"async\" class=\" size-full wp-image-4431\" src=\"http:\/\/www.rincondelbulla.cl\/portal\/wp-content\/uploads\/2012\/04\/78fc0c9680dfb046459728da856ed84f.jpg\" alt=\"Foto: Claudio C\u00e1ceres\" class=\"caption\" title=\"Las cosas que no hacen da\u00f1o deben seguir involucradas en el f\u00fatbol, dice el capit\u00e1n\" width=\"700\" height=\"396\" srcset=\"http:\/\/www.rincondelbulla.cl\/portal\/wp-content\/uploads\/2012\/04\/78fc0c9680dfb046459728da856ed84f.jpg 700w, http:\/\/www.rincondelbulla.cl\/portal\/wp-content\/uploads\/2012\/04\/78fc0c9680dfb046459728da856ed84f-300x170.jpg 300w, http:\/\/www.rincondelbulla.cl\/portal\/wp-content\/uploads\/2012\/04\/78fc0c9680dfb046459728da856ed84f-696x394.jpg 696w\" sizes=\"auto, (max-width: 700px) 100vw, 700px\" \/><figcaption id=\"caption-attachment-4431\" class=\"wp-caption-text\">Las cosas que no hacen da\u00f1o deben seguir involucradas en el f\u00fatbol, dice el capit\u00e1n<\/figcaption><\/figure>\n<p><strong>En conferencia de prensa ofrecida en el Centro Deportivo Azul (CDA) EL Capit\u00e1n del equipo azul Jos\u00e9 Rojas se refiri\u00f3 al duelo de esta semana por Copa Libertadores, el cambio de juego que ha experimentado el equipo y a la prohibici\u00f3n de ingresar bombos a los estadios.<\/strong> <!--more--> Universidad de Chile quiere ganarlo todo, este jueves frente a Atl\u00e9tico Nacional de Medell\u00edn, \u201cLa maquinita de Sampaoli\u201d saldr\u00e1 a conquistar el primer lugar de su grupo y eso el capit\u00e1n azul lo tiene claro, \u201cPepe\u201d sabe que el salir primero tiene ventajas para el equipo \u201cHay muchos beneficios que trae salir primero del grupo y quedar lo m\u00e1s alto posible en la general, ordena con qui\u00e9n te toca\u201d, se\u00f1al\u00f3.<\/p>\n<p>Para el Capit\u00e1n azul el nivel de juego de la U ha ido en alza, m\u00e1s aun tomando en cuenta el inicio negativo que tuvo el equipo en el certamen continental, en donde cay\u00f3 por 2 a 0 frente a los colombianos de Atl\u00e9tico Nacional \u201cse ha ido retomando el nivel de juego que tuvimos el a\u00f1o pasado, con ideas m\u00e1s claras, mejorando el ataque y la parte defensiva. Ojal\u00e1 que sea un buen partido\u201d, a\u00f1adi\u00f3 el defensa.<\/p>\n<p><strong>\u201cSin el bombo el apoyo se siente diferente\u201d<\/strong><\/p>\n<p>Jos\u00e9 Rojas tambi\u00e9n se refiri\u00f3 a la prohibici\u00f3n que tienen las barras de ingresar elementos para alentar a sus equipos, todo esto en el marco del Plan Estadio Seguro impulsado por el Gobierno. Para \u201cPepe\u201d claramente hay que cosas que deben replantearse, tal es el caso del bombo \u201cLas cosas que no hacen da\u00f1o deben seguir involucradas en el f\u00fatbol y que esta fiesta siga. Es el sentir de toda esta gente, de disfrutar, de ir en familia al estadio y eso tiene que volver a ser como era en a\u00f1os anteriores\u201d, se\u00f1al\u00f3.<\/p>\n<p>Para finalizar se refiri\u00f3 a la sensaci\u00f3n de jugar sin escuchar el bombo de fondo \u201cel f\u00fatbol es una fiesta y sin el bombo es muy diferente esta fiesta, no es lo mismo de antes\u201d concluy\u00f3 el Capit\u00e1n.<\/p>\n","protected":false},"excerpt":{"rendered":"<p>En conferencia de prensa ofrecida en el Centro Deportivo Azul (CDA) EL Capit\u00e1n del equipo azul Jos\u00e9 Rojas se refiri\u00f3 al duelo de esta semana por Copa Libertadores, el cambio de juego que ha experimentado el equipo y a la prohibici\u00f3n de ingresar bombos a los estadios.<\/p>\n","protected":false},"author":56,"featured_media":4431,"comment_status":"open","ping_status":"open","sticky":false,"template":"","format":"standard","meta":{"footnotes":""},"categories":[18],"tags":[454,94,51],"class_list":{"0":"post-2825","1":"post","2":"type-post","3":"status-publish","4":"format-standard","5":"has-post-thumbnail","7":"category-actualidad","8":"tag-actualidad","9":"tag-apertura-2012","10":"tag-jose-rojas"},"_links":{"self":[{"href":"http:\/\/www.rincondelbulla.cl\/portal\/wp-json\/wp\/v2\/posts\/2825","targetHints":{"allow":["GET"]}}],"collection":[{"href":"http:\/\/www.rincondelbulla.cl\/portal\/wp-json\/wp\/v2\/posts"}],"about":[{"href":"http:\/\/www.rincondelbulla.cl\/portal\/wp-json\/wp\/v2\/types\/post"}],"author":[{"embeddable":true,"href":"http:\/\/www.rincondelbulla.cl\/portal\/wp-json\/wp\/v2\/users\/56"}],"replies":[{"embeddable":true,"href":"http:\/\/www.rincondelbulla.cl\/portal\/wp-json\/wp\/v2\/comments?post=2825"}],"version-history":[{"count":0,"href":"http:\/\/www.rincondelbulla.cl\/portal\/wp-json\/wp\/v2\/posts\/2825\/revisions"}],"wp:featuredmedia":[{"embeddable":true,"href":"http:\/\/www.rincondelbulla.cl\/portal\/wp-json\/wp\/v2\/media\/4431"}],"wp:attachment":[{"href":"http:\/\/www.rincondelbulla.cl\/portal\/wp-json\/wp\/v2\/media?parent=2825"}],"wp:term":[{"taxonomy":"category","embeddable":true,"href":"http:\/\/www.rincondelbulla.cl\/portal\/wp-json\/wp\/v2\/categories?post=2825"},{"taxonomy":"post_tag","embeddable":true,"href":"http:\/\/www.rincondelbulla.cl\/portal\/wp-json\/wp\/v2\/tags?post=2825"}],"curies":[{"name":"wp","href":"https:\/\/api.w.org\/{rel}","templated":true}]}}