{"id":2826,"date":"2012-04-16T23:39:03","date_gmt":"2012-04-16T23:39:03","guid":{"rendered":"http:\/\/www.rincondelbulla.cl\/portal\/?p=2826"},"modified":"2012-04-16T23:39:03","modified_gmt":"2012-04-16T23:39:03","slug":"jose-yuraszeck-no-somos-responsables-de-lo-que-pase-alrededor-del-estadio","status":"publish","type":"post","link":"http:\/\/www.rincondelbulla.cl\/portal\/2012\/04\/16\/jose-yuraszeck-no-somos-responsables-de-lo-que-pase-alrededor-del-estadio\/","title":{"rendered":"Jos\u00e9 Yuraszeck: \u00abNo somos responsables de lo que pase alrededor del estadio\u00bb"},"content":{"rendered":"<figure id=\"attachment_4432\" aria-describedby=\"caption-attachment-4432\" style=\"width: 700px\" class=\"wp-caption alignnone\"><img loading=\"lazy\" decoding=\"async\" class=\" size-full wp-image-4432\" src=\"http:\/\/www.rincondelbulla.cl\/portal\/wp-content\/uploads\/2012\/04\/42e117e0c4e849ea187baaf6f5afd9f6.jpg\" alt=\"Foto: El Mercurio\" class=\"caption\" title=\"Jos\u00e9 Yuraszeck, Presidente Azul Azul\" width=\"700\" height=\"396\" srcset=\"http:\/\/www.rincondelbulla.cl\/portal\/wp-content\/uploads\/2012\/04\/42e117e0c4e849ea187baaf6f5afd9f6.jpg 700w, http:\/\/www.rincondelbulla.cl\/portal\/wp-content\/uploads\/2012\/04\/42e117e0c4e849ea187baaf6f5afd9f6-300x170.jpg 300w, http:\/\/www.rincondelbulla.cl\/portal\/wp-content\/uploads\/2012\/04\/42e117e0c4e849ea187baaf6f5afd9f6-696x394.jpg 696w\" sizes=\"auto, (max-width: 700px) 100vw, 700px\" \/><figcaption id=\"caption-attachment-4432\" class=\"wp-caption-text\">Jos\u00e9 Yuraszeck, Presidente Azul Azul<\/figcaption><\/figure>\n<p><strong>Jos\u00e9 Yuraszeck espera que la nueva Ley de Violencia en los Estadios \u00absea m\u00e1s coherente y que los dirigentes seamos responsables de lo que podemos ser responsables y no de lo que le corresponde a la fuerza p\u00fablica\u00bb.<\/strong> <!--more--> Este lunes se reunieron los presidente y representantes de los clubes de Primera, Segunda y Tercera Divisi\u00f3n del f\u00fatbol de la Regi\u00f3n Metropolitana con la intendenta, Cecilia P\u00e9rez.<\/p>\n<p>Tras el encuentro, el mandam\u00e1s de Azul Azul, Jos\u00e9 Yuraszeck, coment\u00f3 que \u00abel Gobierno est\u00e1 muy confiado con las medidas que han tomado, porque est\u00e1n dando resultados y lo m\u00e1s importante es que nos han informado como viene la ley, la que confiamos que ser\u00e1 coherente con lo que est\u00e1 persiguiendo la autoridad\u00bb.<\/p>\n<p>Al respecto, el timonel de la U ahond\u00f3 m\u00e1s sobre la pronta aprobaci\u00f3n por el senado de la nueva Ley de Violencia en los Estadios.<\/p>\n<p>\u00abEs una ley que viene tramit\u00e1ndose hace muchos a\u00f1os y lo que estamos esperando es que se le de urgencia, esperamos que sea una ley coherente y cuando digo coherente que los dirigentes seamos responsables de las cosas que podemos ser responsables\u00bb, afirm\u00f3.<\/p>\n<p>Yuraszeck agreg\u00f3 que \u00abnosotros no podemos ser responsables de lo que pase en un kil\u00f3metro alrededor del estadio, no podemos porque no le corresponde a los dirigentes, es un tema de la fuerza p\u00fablica.<\/p>\n<p>Insisti\u00f3 en que \u00ablo m\u00e1s relevante es que la legislaci\u00f3n que se dicte sea una legislaci\u00f3n que permita que las familias puedan volver tranquilas a los estadios, porque el 99% de los hinchas son amantes del f\u00fatbol, pero hay unos pocos delincuentes que se mezclan en las barras y eso debe desaparecer\u00bb.<\/p>\n<p>Finalmente y sobre la prohibici\u00f3n que tuvo la barra de la U \u00abLos de Abajo\u00bb para entrar con bombos al estadio Santa Laura, en el duelo ante Uni\u00f3n La Calera, Yuraszeck fue claro: \u00abAqu\u00ed no hay nada personal, si la autoridad decide que no pueden entrar bombos, los dirigentes no tenemos nada que decir, es una decisi\u00f3n de la autoridad\u00bb.<\/p>\n<p><strong>Fuente:<\/strong> Emol.com<\/p>\n","protected":false},"excerpt":{"rendered":"<p>Jos\u00e9 Yuraszeck espera que la nueva Ley de Violencia en los Estadios \u00absea m\u00e1s coherente y que los dirigentes seamos responsables de lo que podemos ser responsables y no de lo que le corresponde a la fuerza p\u00fablica\u00bb.<\/p>\n","protected":false},"author":1,"featured_media":4432,"comment_status":"open","ping_status":"open","sticky":false,"template":"","format":"standard","meta":{"footnotes":""},"categories":[18],"tags":[454,64],"class_list":{"0":"post-2826","1":"post","2":"type-post","3":"status-publish","4":"format-standard","5":"has-post-thumbnail","7":"category-actualidad","8":"tag-actualidad","9":"tag-jose-yuraszeck"},"_links":{"self":[{"href":"http:\/\/www.rincondelbulla.cl\/portal\/wp-json\/wp\/v2\/posts\/2826","targetHints":{"allow":["GET"]}}],"collection":[{"href":"http:\/\/www.rincondelbulla.cl\/portal\/wp-json\/wp\/v2\/posts"}],"about":[{"href":"http:\/\/www.rincondelbulla.cl\/portal\/wp-json\/wp\/v2\/types\/post"}],"author":[{"embeddable":true,"href":"http:\/\/www.rincondelbulla.cl\/portal\/wp-json\/wp\/v2\/users\/1"}],"replies":[{"embeddable":true,"href":"http:\/\/www.rincondelbulla.cl\/portal\/wp-json\/wp\/v2\/comments?post=2826"}],"version-history":[{"count":0,"href":"http:\/\/www.rincondelbulla.cl\/portal\/wp-json\/wp\/v2\/posts\/2826\/revisions"}],"wp:featuredmedia":[{"embeddable":true,"href":"http:\/\/www.rincondelbulla.cl\/portal\/wp-json\/wp\/v2\/media\/4432"}],"wp:attachment":[{"href":"http:\/\/www.rincondelbulla.cl\/portal\/wp-json\/wp\/v2\/media?parent=2826"}],"wp:term":[{"taxonomy":"category","embeddable":true,"href":"http:\/\/www.rincondelbulla.cl\/portal\/wp-json\/wp\/v2\/categories?post=2826"},{"taxonomy":"post_tag","embeddable":true,"href":"http:\/\/www.rincondelbulla.cl\/portal\/wp-json\/wp\/v2\/tags?post=2826"}],"curies":[{"name":"wp","href":"https:\/\/api.w.org\/{rel}","templated":true}]}}