{"id":2827,"date":"2012-04-17T14:25:34","date_gmt":"2012-04-17T14:25:34","guid":{"rendered":"http:\/\/www.rincondelbulla.cl\/portal\/?p=2827"},"modified":"2012-04-17T14:25:34","modified_gmt":"2012-04-17T14:25:34","slug":"lorenzetti-no-podra-jugar-ante-atletico-nacional","status":"publish","type":"post","link":"http:\/\/www.rincondelbulla.cl\/portal\/2012\/04\/17\/lorenzetti-no-podra-jugar-ante-atletico-nacional\/","title":{"rendered":"Lorenzetti no podr\u00e1 jugar ante Atl\u00e9tico Nacional"},"content":{"rendered":"<figure id=\"attachment_4433\" aria-describedby=\"caption-attachment-4433\" style=\"width: 700px\" class=\"wp-caption alignnone\"><img loading=\"lazy\" decoding=\"async\" class=\" size-full wp-image-4433\" src=\"http:\/\/www.rincondelbulla.cl\/portal\/wp-content\/uploads\/2012\/04\/b45169264242c29e67918a77d0055bb3.jpg\" alt=\"Foto: Patricio Gonz\u00e1lez\" class=\"caption\" title=\"Gustavo Lorenzetti no podr\u00e1 jugar ante Atl\u00e9tico Nacional\" width=\"700\" height=\"396\" srcset=\"http:\/\/www.rincondelbulla.cl\/portal\/wp-content\/uploads\/2012\/04\/b45169264242c29e67918a77d0055bb3.jpg 700w, http:\/\/www.rincondelbulla.cl\/portal\/wp-content\/uploads\/2012\/04\/b45169264242c29e67918a77d0055bb3-300x170.jpg 300w, http:\/\/www.rincondelbulla.cl\/portal\/wp-content\/uploads\/2012\/04\/b45169264242c29e67918a77d0055bb3-696x394.jpg 696w\" sizes=\"auto, (max-width: 700px) 100vw, 700px\" \/><figcaption id=\"caption-attachment-4433\" class=\"wp-caption-text\">Gustavo Lorenzetti no podr\u00e1 jugar ante Atl\u00e9tico Nacional<\/figcaption><\/figure>\n<p><strong>El volante de Universidad de Chile qued\u00f3 descartado para el \u00faltimo partido de los azules en la fase grupal de Copa Libertadores tras sufrir un desgarro en la pierna izquierda, y as\u00ed adem\u00e1s se podr\u00eda perder el Supercl\u00e1sico ante Colo Colo en dos semanas m\u00e1s.<\/strong> <!--more--> Una nueva baja sufri\u00f3 Jorge Sampaoli para armar el equipo de Universidad de Chile ante Atl\u00e9tico Nacional, que ser\u00e1 el cierre del grupo 8 de Copa Libertadores el jueves a las 22:00 en el Estadio Nacional, tras confirmarse que no podr\u00e1 estar Gustavo Lorenzetti.<\/p>\n<p>El argentino sufri\u00f3 un desgarro miofacial en el isquiotibial de la pierna izquierda, por lo que se suma a Albert Acevedo, quien tampoco podr\u00e1 estar en el encuentro donde los azules buscar\u00e1n asegurar el primer lugar de la zona.<\/p>\n<p>Pero el problema del volante trasandino podr\u00eda ser mayor ya que est\u00e1 pr\u00e1cticamente descartado para el choque del fin de semana ante Antofagasta, por la 13a fecha del Apertura, e incluso est\u00e1 en duda para el Supercl\u00e1sico ante Colo Colo el domingo 29 de abril.<\/p>\n<p>Para reemplazar a Lorenzetti este jueves toma ventaja Emilio Hern\u00e1ndez y as\u00ed podr\u00eda ser acompa\u00f1ante en el ataque de Junior Fernandes y \u00c1ngelo Henr\u00edquez.<\/p>\n<p><strong>Fuente:<\/strong> Prensafutbol.cl<\/p>\n","protected":false},"excerpt":{"rendered":"<p>El volante de Universidad de Chile qued\u00f3 descartado para el \u00faltimo partido de los azules en la fase grupal de Copa Libertadores tras sufrir un desgarro en la pierna izquierda, y as\u00ed adem\u00e1s se podr\u00eda perder el Supercl\u00e1sico ante Colo Colo en dos semanas m\u00e1s.<\/p>\n","protected":false},"author":1,"featured_media":4433,"comment_status":"open","ping_status":"open","sticky":false,"template":"","format":"standard","meta":{"footnotes":""},"categories":[18],"tags":[454,95,78],"class_list":{"0":"post-2827","1":"post","2":"type-post","3":"status-publish","4":"format-standard","5":"has-post-thumbnail","7":"category-actualidad","8":"tag-actualidad","9":"tag-copa-libertadores-2012","10":"tag-gustavo-lorenzetti"},"_links":{"self":[{"href":"http:\/\/www.rincondelbulla.cl\/portal\/wp-json\/wp\/v2\/posts\/2827","targetHints":{"allow":["GET"]}}],"collection":[{"href":"http:\/\/www.rincondelbulla.cl\/portal\/wp-json\/wp\/v2\/posts"}],"about":[{"href":"http:\/\/www.rincondelbulla.cl\/portal\/wp-json\/wp\/v2\/types\/post"}],"author":[{"embeddable":true,"href":"http:\/\/www.rincondelbulla.cl\/portal\/wp-json\/wp\/v2\/users\/1"}],"replies":[{"embeddable":true,"href":"http:\/\/www.rincondelbulla.cl\/portal\/wp-json\/wp\/v2\/comments?post=2827"}],"version-history":[{"count":0,"href":"http:\/\/www.rincondelbulla.cl\/portal\/wp-json\/wp\/v2\/posts\/2827\/revisions"}],"wp:featuredmedia":[{"embeddable":true,"href":"http:\/\/www.rincondelbulla.cl\/portal\/wp-json\/wp\/v2\/media\/4433"}],"wp:attachment":[{"href":"http:\/\/www.rincondelbulla.cl\/portal\/wp-json\/wp\/v2\/media?parent=2827"}],"wp:term":[{"taxonomy":"category","embeddable":true,"href":"http:\/\/www.rincondelbulla.cl\/portal\/wp-json\/wp\/v2\/categories?post=2827"},{"taxonomy":"post_tag","embeddable":true,"href":"http:\/\/www.rincondelbulla.cl\/portal\/wp-json\/wp\/v2\/tags?post=2827"}],"curies":[{"name":"wp","href":"https:\/\/api.w.org\/{rel}","templated":true}]}}