{"id":2828,"date":"2012-04-17T19:11:54","date_gmt":"2012-04-17T19:11:54","guid":{"rendered":"http:\/\/www.rincondelbulla.cl\/portal\/?p=2828"},"modified":"2012-04-17T19:11:54","modified_gmt":"2012-04-17T19:11:54","slug":"marcelo-diaz-quiere-una-revancha-ante-atletico-nacional","status":"publish","type":"post","link":"http:\/\/www.rincondelbulla.cl\/portal\/2012\/04\/17\/marcelo-diaz-quiere-una-revancha-ante-atletico-nacional\/","title":{"rendered":"Marcelo Diaz quiere una revancha ante Atl\u00e9tico Nacional"},"content":{"rendered":"<figure id=\"attachment_4434\" aria-describedby=\"caption-attachment-4434\" style=\"width: 700px\" class=\"wp-caption alignnone\"><img loading=\"lazy\" decoding=\"async\" class=\" size-full wp-image-4434\" src=\"http:\/\/www.rincondelbulla.cl\/portal\/wp-content\/uploads\/2012\/04\/89d0d0117b3f148724cbb7e5ee671e5d.jpg\" alt=\"Foto: Patricio Gonz\u00e1lez\" class=\"caption\" title=\"Marcelo Diaz quiere una revancha ante Atl\u00e9tico Nacional \" width=\"700\" height=\"396\" srcset=\"http:\/\/www.rincondelbulla.cl\/portal\/wp-content\/uploads\/2012\/04\/89d0d0117b3f148724cbb7e5ee671e5d.jpg 700w, http:\/\/www.rincondelbulla.cl\/portal\/wp-content\/uploads\/2012\/04\/89d0d0117b3f148724cbb7e5ee671e5d-300x170.jpg 300w, http:\/\/www.rincondelbulla.cl\/portal\/wp-content\/uploads\/2012\/04\/89d0d0117b3f148724cbb7e5ee671e5d-696x394.jpg 696w\" sizes=\"auto, (max-width: 700px) 100vw, 700px\" \/><figcaption id=\"caption-attachment-4434\" class=\"wp-caption-text\">Marcelo Diaz quiere una revancha ante Atl\u00e9tico Nacional<\/figcaption><\/figure>\n<p><strong>Hoy fue el turno del seleccionado nacional en el CDA, Marcelo D\u00edaz se refiri\u00f3 al trascendental encuentro de este jueves frente a Atl\u00e9tico Nacional y de las ganas del equipo por terminar primeros en su grupo.<\/strong> <!--more--> Sensibles bajas sufrir\u00e1 el equipo de Universidad de chile para enfrentar este jueves al equipo cafetero, a la ya confirmada lesi\u00f3n de Albert Acevedo hoy se confirm\u00f3 que Gustavo Lorenzetti sufre de un desgarro, lo cual deja completamente descartado al mediocampista azul para el duelo frente a los cafeteros.<\/p>\n<p>Pese a las bajas, Marcelo D\u00edaz est\u00e1 confiado en lograr un resultado positivo que deje a los azules en la cima de la tabla en su grupo, para D\u00edaz estas lesiones no debieran afectar el rendimiento del equipo \u201clamentable por no contar con estos jugadores, pero tenemos que pensar que los que lo reemplacen la hagan de buena forma\u201d adem\u00e1s recalc\u00f3 que muchas veces este tipo de lesiones son fortuitas \u201c a veces son fortuitas, uno no le puede encontrar la raz\u00f3n a una lesi\u00f3n, ya que si fuera por sobrecarga f\u00edsica, estar\u00eda casi todo el equipo lesionado\u201d se\u00f1al\u00f3.<\/p>\n<p><strong>Un duelo que puede dejar a la U bien posicionada para la segunda rueda.<\/strong><\/p>\n<p>En el duelo de este jueves se dirimir\u00e1 quien ser\u00e1 el equipo que ocupe la primera plaza del grupo 8 de Copa Libertadores, por el momento el multicampe\u00f3n 2011 se encuentra en la segunda ubicaci\u00f3n de su grupo con 10 unidades, una menos que su rival colombiano.<\/p>\n<p>D\u00edaz cree que es de vital importancia imponerse en el duelo de este jueves, tomando en cuenta las ventajas que trae terminar primeros en el grupo \u201cqueremos llegar primeros<\/p>\n<p>para terminar definiendo en casa los (duelos) ida y vuelta\u201d para alcanzar este objetivo el seleccionado nacional tiene claro cual debe ser el planteamiento en cancha \u201c debemos imponer nuestro estilo, no podemos hacer cosas diferentes, sabemos bien a lo que jugamos y la clave estar\u00e1 en la concentraci\u00f3n\u201d, a\u00f1adi\u00f3 el medio campista.<\/p>\n<p>El partido est\u00e1 programado para este jueves a las 22:00hrs en el Estadio Nacional, el arbitraje estar\u00e1 a cargo de la los peruanos V\u00edctor Rivera, arbitro asistente Jonny Bossio, segundo arbitro asistente Cesar Escano y cuarto arbitro el chileno Edardo Gamboa.<\/p>\n<p>Las entradas ya est\u00e1n a la venta y se espera un gran marco de p\u00fablico en el coliseo de \u00d1u\u00f1oa, dem\u00e1s est\u00e1 decir que esta prohibido el ingreso de cualquier elemento contundente y de bombos en la hinchada\u2026 s\u00f3lo nos queda romper la voz.<\/p>\n","protected":false},"excerpt":{"rendered":"<p>Hoy fue el turno del seleccionado nacional en el CDA, Marcelo D\u00edaz se refiri\u00f3 al trascendental encuentro de este jueves frente a Atl\u00e9tico Nacional y de las ganas del equipo por terminar primeros en su grupo.<\/p>\n","protected":false},"author":56,"featured_media":4434,"comment_status":"open","ping_status":"open","sticky":false,"template":"","format":"standard","meta":{"footnotes":""},"categories":[18],"tags":[454,95,58],"class_list":{"0":"post-2828","1":"post","2":"type-post","3":"status-publish","4":"format-standard","5":"has-post-thumbnail","7":"category-actualidad","8":"tag-actualidad","9":"tag-copa-libertadores-2012","10":"tag-marcelo-diaz"},"_links":{"self":[{"href":"http:\/\/www.rincondelbulla.cl\/portal\/wp-json\/wp\/v2\/posts\/2828","targetHints":{"allow":["GET"]}}],"collection":[{"href":"http:\/\/www.rincondelbulla.cl\/portal\/wp-json\/wp\/v2\/posts"}],"about":[{"href":"http:\/\/www.rincondelbulla.cl\/portal\/wp-json\/wp\/v2\/types\/post"}],"author":[{"embeddable":true,"href":"http:\/\/www.rincondelbulla.cl\/portal\/wp-json\/wp\/v2\/users\/56"}],"replies":[{"embeddable":true,"href":"http:\/\/www.rincondelbulla.cl\/portal\/wp-json\/wp\/v2\/comments?post=2828"}],"version-history":[{"count":0,"href":"http:\/\/www.rincondelbulla.cl\/portal\/wp-json\/wp\/v2\/posts\/2828\/revisions"}],"wp:featuredmedia":[{"embeddable":true,"href":"http:\/\/www.rincondelbulla.cl\/portal\/wp-json\/wp\/v2\/media\/4434"}],"wp:attachment":[{"href":"http:\/\/www.rincondelbulla.cl\/portal\/wp-json\/wp\/v2\/media?parent=2828"}],"wp:term":[{"taxonomy":"category","embeddable":true,"href":"http:\/\/www.rincondelbulla.cl\/portal\/wp-json\/wp\/v2\/categories?post=2828"},{"taxonomy":"post_tag","embeddable":true,"href":"http:\/\/www.rincondelbulla.cl\/portal\/wp-json\/wp\/v2\/tags?post=2828"}],"curies":[{"name":"wp","href":"https:\/\/api.w.org\/{rel}","templated":true}]}}