{"id":2830,"date":"2012-04-18T18:34:07","date_gmt":"2012-04-18T18:34:07","guid":{"rendered":"http:\/\/www.rincondelbulla.cl\/portal\/?p=2830"},"modified":"2012-04-18T18:34:07","modified_gmt":"2012-04-18T18:34:07","slug":"jorge-sampaoli-no-me-iria-a-ningun-equipo-del-mundo","status":"publish","type":"post","link":"http:\/\/www.rincondelbulla.cl\/portal\/2012\/04\/18\/jorge-sampaoli-no-me-iria-a-ningun-equipo-del-mundo\/","title":{"rendered":"Jorge Sampaoli: \u00abNo me ir\u00eda a ning\u00fan equipo del mundo\u00bb"},"content":{"rendered":"<figure id=\"attachment_4436\" aria-describedby=\"caption-attachment-4436\" style=\"width: 700px\" class=\"wp-caption alignnone\"><img loading=\"lazy\" decoding=\"async\" class=\" size-full wp-image-4436\" src=\"http:\/\/www.rincondelbulla.cl\/portal\/wp-content\/uploads\/2012\/04\/e429cc2ec1647fc3f8b76b4dcb488752.jpg\" alt=\"Foto: Claudio C\u00e1ceres\" class=\"caption\" title=\"Jorge Sampaoli no se ir\u00eda a \u201cning\u00fan equipo del mundo\u201d\" width=\"700\" height=\"396\" srcset=\"http:\/\/www.rincondelbulla.cl\/portal\/wp-content\/uploads\/2012\/04\/e429cc2ec1647fc3f8b76b4dcb488752.jpg 700w, http:\/\/www.rincondelbulla.cl\/portal\/wp-content\/uploads\/2012\/04\/e429cc2ec1647fc3f8b76b4dcb488752-300x170.jpg 300w, http:\/\/www.rincondelbulla.cl\/portal\/wp-content\/uploads\/2012\/04\/e429cc2ec1647fc3f8b76b4dcb488752-696x394.jpg 696w\" sizes=\"auto, (max-width: 700px) 100vw, 700px\" \/><figcaption id=\"caption-attachment-4436\" class=\"wp-caption-text\">Jorge Sampaoli no se ir\u00eda a \u201cning\u00fan equipo del mundo\u201d<\/figcaption><\/figure>\n<p><strong>El trasandino alab\u00f3 a su plantel en la v\u00edspera del duelo frente a Atl\u00e9tico Nacional, cotejo que jugar\u00eda con l\u00ednea de cuatro defensores.<\/strong> <!--more--> El entrenador de Universidad de Chile, <strong>Jorge Sampaoli<\/strong>, alab\u00f3 a su plantilla en la previa del duelo frente a Atl\u00e9tico Nacional, de Colombia, cotejo que decidir\u00e1 al l\u00edder del Grupo 8 de la Copa Libertadores. Adem\u00e1s, declar\u00f3 que no tiene intenciones de abandonar el cuadro laico.<\/p>\n<p>\u201cMe pasaron muchas cosas al estar en la \u2018U\u2019. Tengo la posibilidad de estar con jugadores que no s\u00e9 d\u00f3nde los podr\u00eda encontrar. <strong>Ahora no me ir\u00eda a ning\u00fan equipo del mundo<\/strong>, no dejar\u00eda nunca a la U en medio de Copa Libertadores o play-offs, eso es imposible\u201d, declar\u00f3 el estratega sobre la supuesta oferta que manejar\u00eda desde Flamengo, de Brasil.<\/p>\n<p>De paso, el trasandino pidi\u00f3 a la dirigencia mantener el plantel actual para el segundo semestre. \u201cHay jugadores con muchas capacidades, pero que no encajar\u00edan en el sistema, hay que traer a los jugadores adecuados. Pero <strong>hoy tenemos un plantel competitivo y no hay que retocar tanto, hay que evitar que se vayan, el club tendr\u00e1 que hacer un esfuerzo<\/strong>\u201d, explic\u00f3.<\/p>\n<p><strong>CUATRO EN EL FONDO<\/strong><\/p>\n<p>Sobre el duelo de este jueves ante el cuadro cafetero, el DT azul coment\u00f3 que <strong>tomar\u00e1 las precauciones necesarias<\/strong> ante las figuras de cuadro colombiano y el buen juego que ha mostrado el elenco albiverde durante el certamen.<\/p>\n<p><strong>\u201cSi juega Macnelly (Torres) y (Dorlan) Pab\u00f3n jugar\u00edamos con una l\u00ednea de cuatro<\/strong> para tomar con dos zagueron a Pab\u00f3n y un volante de contenci\u00f3n a Torres\u201d, dijo Sampaoli.<\/p>\n<p>Al ser consultado en rueda de prensa por un rival predilecto para la siguiente ronda del certamen continental, el ex adiestrador de O\u2019Higgins y Emelec confes\u00f3 que cualquier equipo presentar\u00e1 dificultades. \u201cNing\u00fan rival va a ser accesible antes de jugar, <strong>cualquier llave va a ser cerrada y muy dif\u00edcil\u201d<\/strong>, expres\u00f3.<\/p>\n<p><strong>Fuente:<\/strong> Triunfo.cl<\/p>\n","protected":false},"excerpt":{"rendered":"<p>El trasandino alab\u00f3 a su plantel en la v\u00edspera del duelo frente a Atl\u00e9tico Nacional, cotejo que jugar\u00eda con l\u00ednea de cuatro defensores.<\/p>\n","protected":false},"author":1,"featured_media":4436,"comment_status":"open","ping_status":"open","sticky":false,"template":"","format":"standard","meta":{"footnotes":""},"categories":[18],"tags":[454,95,40],"class_list":{"0":"post-2830","1":"post","2":"type-post","3":"status-publish","4":"format-standard","5":"has-post-thumbnail","7":"category-actualidad","8":"tag-actualidad","9":"tag-copa-libertadores-2012","10":"tag-jorge-sampaoli"},"_links":{"self":[{"href":"http:\/\/www.rincondelbulla.cl\/portal\/wp-json\/wp\/v2\/posts\/2830","targetHints":{"allow":["GET"]}}],"collection":[{"href":"http:\/\/www.rincondelbulla.cl\/portal\/wp-json\/wp\/v2\/posts"}],"about":[{"href":"http:\/\/www.rincondelbulla.cl\/portal\/wp-json\/wp\/v2\/types\/post"}],"author":[{"embeddable":true,"href":"http:\/\/www.rincondelbulla.cl\/portal\/wp-json\/wp\/v2\/users\/1"}],"replies":[{"embeddable":true,"href":"http:\/\/www.rincondelbulla.cl\/portal\/wp-json\/wp\/v2\/comments?post=2830"}],"version-history":[{"count":0,"href":"http:\/\/www.rincondelbulla.cl\/portal\/wp-json\/wp\/v2\/posts\/2830\/revisions"}],"wp:featuredmedia":[{"embeddable":true,"href":"http:\/\/www.rincondelbulla.cl\/portal\/wp-json\/wp\/v2\/media\/4436"}],"wp:attachment":[{"href":"http:\/\/www.rincondelbulla.cl\/portal\/wp-json\/wp\/v2\/media?parent=2830"}],"wp:term":[{"taxonomy":"category","embeddable":true,"href":"http:\/\/www.rincondelbulla.cl\/portal\/wp-json\/wp\/v2\/categories?post=2830"},{"taxonomy":"post_tag","embeddable":true,"href":"http:\/\/www.rincondelbulla.cl\/portal\/wp-json\/wp\/v2\/tags?post=2830"}],"curies":[{"name":"wp","href":"https:\/\/api.w.org\/{rel}","templated":true}]}}