{"id":2831,"date":"2012-04-19T11:03:21","date_gmt":"2012-04-19T11:03:21","guid":{"rendered":"http:\/\/www.rincondelbulla.cl\/portal\/?p=2831"},"modified":"2012-04-19T11:03:21","modified_gmt":"2012-04-19T11:03:21","slug":"la-previa-por-una-cima-azul","status":"publish","type":"post","link":"http:\/\/www.rincondelbulla.cl\/portal\/2012\/04\/19\/la-previa-por-una-cima-azul\/","title":{"rendered":"LA PREVIA: Por una cima azul"},"content":{"rendered":"<figure id=\"attachment_4437\" aria-describedby=\"caption-attachment-4437\" style=\"width: 700px\" class=\"wp-caption alignnone\"><img loading=\"lazy\" decoding=\"async\" class=\" size-full wp-image-4437\" src=\"http:\/\/www.rincondelbulla.cl\/portal\/wp-content\/uploads\/2012\/04\/70ef4777a4e277b1b938d90f28ffaaf3.jpg\" alt=\"Foto: EFE\" class=\"caption\" title=\"La 'U' sale con la misi\u00f3n de ganar el Grupo 8\" width=\"700\" height=\"396\" srcset=\"http:\/\/www.rincondelbulla.cl\/portal\/wp-content\/uploads\/2012\/04\/70ef4777a4e277b1b938d90f28ffaaf3.jpg 700w, http:\/\/www.rincondelbulla.cl\/portal\/wp-content\/uploads\/2012\/04\/70ef4777a4e277b1b938d90f28ffaaf3-300x170.jpg 300w, http:\/\/www.rincondelbulla.cl\/portal\/wp-content\/uploads\/2012\/04\/70ef4777a4e277b1b938d90f28ffaaf3-696x394.jpg 696w\" sizes=\"auto, (max-width: 700px) 100vw, 700px\" \/><figcaption id=\"caption-attachment-4437\" class=\"wp-caption-text\">La &#8216;U&#8217; sale con la misi\u00f3n de ganar el Grupo 8<\/figcaption><\/figure>\n<p><strong>El Rom\u00e1ntico Viajero y el cuadro verdolaga se enfrentan con la clasificaci\u00f3n a octavos de final en el bolsillo. \u00bfUn partido por cumplir? Para nada. Estos \u00faltimos 90 minutos definir\u00e1n al l\u00edder del grupo y el rival a enfrentar en la pr\u00f3xima fase. Todos los detalles como siempre por el <em>Rinc\u00f3n del Bulla<\/em>.<\/strong> <!--more--> No es secreto a voces. El primer partido que disputaron la Universidad de Chile y Atl\u00e9tico Nacional fue sin duda la peor presentaci\u00f3n de los azules en la presente Santander Libertadores. Se not\u00f3 de sobremanera que la escuadra de Sampaoli ven\u00eda sin el rodaje suficiente para suplir nada menos que a Marcos Gonz\u00e1les, Gustavo Canales y a Eduardo Vargas.<\/p>\n<p>Incluso no s\u00f3lo fue un \u201ctoque\u201d desde el punto de vista futbol\u00edstico, sino que tambi\u00e9n en lo que respecta a la condici\u00f3n f\u00edsica. Los verdolagas fueron superiores en un aspecto en el que la U no hab\u00eda sido inferior desde hac\u00eda ya mucho tiempo y eso tom\u00f3 por sorpresa a varios.<\/p>\n<p>El momento hoy es otro. En los azules ya comenz\u00f3 a solidificarse la idea futbol\u00edstica que los hizo levantar la Sudamericana 2011, lo que se suma a un tiempo m\u00e1s que adecuado de \u201cremaduraci\u00f3n\u201d en materia de condici\u00f3n f\u00edsica, en donde ya se nota que no est\u00e1 presente el agotamiento de la campa\u00f1a anterior.<\/p>\n<p>Este jueves a las 22:00 hrs. el Estadio Nacional sin dudas recibir\u00e1 un partidazo. Se enfrentan los dos mejores equipos del grupo en busca del liderato. La confianza de los colombianos est\u00e1 por las nubes, mientras que en los leones azules todo sigue apegado a la mesura y a la confianza en la idea futbol\u00edstica.<\/p>\n<p>La particularidad de este duelo es que se trata del \u00faltimo de la fase de grupos de toda la Copa, por lo que ambas escuadras (ya clasificadas a la ronda de los 16 mejores) llegar\u00e1n al partido sabiendo exactamente qu\u00e9 rival les tocar\u00e1 enfrentar en funci\u00f3n del resultado obtenido.<\/p>\n<p>Sampaoli cuenta con dos bajas seguras: Albert Acevedo que tiene un desgarro de cerca de 17 milimetros en una de sus piernas, y Gustavo Lorenzetti, que aparentemente sufri\u00f3 un desgarro miofacial en el isquiotibial de su pierna izquierda (tambi\u00e9n se especula con que ser\u00eda s\u00f3lo un edema), lo que obliga a modificar la formaci\u00f3n titular.<\/p>\n<p>De esta forma la escuadra estelar para el jueves estar\u00eda probablemente compuesta por <strong>Herrera<\/strong> en el arco, l\u00ednea de 4 en el fondo con <strong>Mat\u00edas Rodr\u00edguez<\/strong> por derecha, <strong>Osvaldo Gonz\u00e1les<\/strong> y <strong>Jos\u00e9 Rojas<\/strong> como pareja de centrales y <strong>Eugenio Mena<\/strong> por el sector izquierdo; mediocampo con <strong>Ar\u00e1nguiz<\/strong>, <strong>D\u00edaz<\/strong> y<strong> Sebasti\u00e1n Mart\u00ednez<\/strong>; mientras que en delantera aparecer\u00edan <strong>Junior Fernandes<\/strong>, <strong>\u00c1ngelo Henr\u00edquez<\/strong> y <strong>Emilio Hern\u00e1ndez<\/strong>.<\/p>\n<p>Los colombianos por su parte a pesar de la gran confianza que muestran vienen inmersos en un ambiente tenso, en medio de fuertes rumores de indisciplina y conflictos de parte de sus figuras, tales como Dorlan Pab\u00f3n,<\/p>\n<p>Macnelly Torres y Luis Fernando Mosquera. Este \u00faltimo no viaj\u00f3 a Chile por un supuesto cuadro viral, mientras que los dos primeros habr\u00edan faltado a la pr\u00e1ctica del lunes por encontrarse en estado de ebriedad.<\/p>\n<p>La probable formaci\u00f3n del equipo que conduce Santiago Escobar ser\u00e1 con Gast\u00f3n Pezzuti; Elkin Calle, Cristi\u00e1n Tula, Oscar Murillo, Farid D\u00edaz; Alejndro Bernal, Alexander Mej\u00eda, Sebasti\u00e1n P\u00e9rez, Juan David Valencia; Macnelly Torres y Dorlan Pab\u00f3n.<\/p>\n<p>El juez del compromiso ser\u00e1 el peruano V\u00edctor Hugo Rivera, auxiliado por sus compatriotas Johnyy Bossio y C\u00e9sar Escano.<\/p>\n<p><strong>Hoy las 22:00 horas, los leones de Sampaoli van por la venganza en el Estadio Nacional. El primer partido del grupo hizo que los azules se vieran mal, pero hoy despu\u00e9s de 2 meses de f\u00fatbol quieren contar una historia distinta. La confianza de los colombianos es grande sin embargo, como dijo Emilio Hern\u00e1ndez, \u201clos gallos se ven en la cancha\u201d. \u00bfNo tienes como ver el duelo? No te pierdas el minuto a minuto del partido por El <em>Rinc\u00f3n del Bulla<\/em>.<\/strong><\/p>\n","protected":false},"excerpt":{"rendered":"<p>El Rom\u00e1ntico Viajero y el cuadro verdolaga se enfrentan con la clasificaci\u00f3n a octavos de final en el bolsillo. \u00bfUn partido por cumplir? Para nada. Estos \u00faltimos 90 minutos definir\u00e1n al l\u00edder del grupo y el rival a enfrentar en la pr\u00f3xima fase. Todos los detalles como siempre por el Rinc\u00f3n del Bulla.<\/p>\n","protected":false},"author":54,"featured_media":4437,"comment_status":"open","ping_status":"open","sticky":false,"template":"","format":"standard","meta":{"footnotes":""},"categories":[18],"tags":[454,95,37],"class_list":{"0":"post-2831","1":"post","2":"type-post","3":"status-publish","4":"format-standard","5":"has-post-thumbnail","7":"category-actualidad","8":"tag-actualidad","9":"tag-copa-libertadores-2012","10":"tag-la-previa"},"_links":{"self":[{"href":"http:\/\/www.rincondelbulla.cl\/portal\/wp-json\/wp\/v2\/posts\/2831","targetHints":{"allow":["GET"]}}],"collection":[{"href":"http:\/\/www.rincondelbulla.cl\/portal\/wp-json\/wp\/v2\/posts"}],"about":[{"href":"http:\/\/www.rincondelbulla.cl\/portal\/wp-json\/wp\/v2\/types\/post"}],"author":[{"embeddable":true,"href":"http:\/\/www.rincondelbulla.cl\/portal\/wp-json\/wp\/v2\/users\/54"}],"replies":[{"embeddable":true,"href":"http:\/\/www.rincondelbulla.cl\/portal\/wp-json\/wp\/v2\/comments?post=2831"}],"version-history":[{"count":0,"href":"http:\/\/www.rincondelbulla.cl\/portal\/wp-json\/wp\/v2\/posts\/2831\/revisions"}],"wp:featuredmedia":[{"embeddable":true,"href":"http:\/\/www.rincondelbulla.cl\/portal\/wp-json\/wp\/v2\/media\/4437"}],"wp:attachment":[{"href":"http:\/\/www.rincondelbulla.cl\/portal\/wp-json\/wp\/v2\/media?parent=2831"}],"wp:term":[{"taxonomy":"category","embeddable":true,"href":"http:\/\/www.rincondelbulla.cl\/portal\/wp-json\/wp\/v2\/categories?post=2831"},{"taxonomy":"post_tag","embeddable":true,"href":"http:\/\/www.rincondelbulla.cl\/portal\/wp-json\/wp\/v2\/tags?post=2831"}],"curies":[{"name":"wp","href":"https:\/\/api.w.org\/{rel}","templated":true}]}}