{"id":2833,"date":"2012-04-20T03:50:59","date_gmt":"2012-04-20T03:50:59","guid":{"rendered":"http:\/\/www.rincondelbulla.cl\/portal\/?p=2833"},"modified":"2012-04-20T03:50:59","modified_gmt":"2012-04-20T03:50:59","slug":"sampaoli-la-altura-de-quito-sera-factor-importante","status":"publish","type":"post","link":"http:\/\/www.rincondelbulla.cl\/portal\/2012\/04\/20\/sampaoli-la-altura-de-quito-sera-factor-importante\/","title":{"rendered":"Sampaoli: \u00abLa Altura de Quito ser\u00e1 factor importante\u00bb"},"content":{"rendered":"<figure id=\"attachment_4439\" aria-describedby=\"caption-attachment-4439\" style=\"width: 700px\" class=\"wp-caption alignnone\"><img loading=\"lazy\" decoding=\"async\" class=\" size-full wp-image-4439\" src=\"http:\/\/www.rincondelbulla.cl\/portal\/wp-content\/uploads\/2012\/04\/29e7ada72b2d6cbbca10c75790955922.jpg\" alt=\"Foto: Claudio C\u00e1ceres\" class=\"caption\" title=\"Sampaoli: \"La Altura de Quito ser\u00e1 factor importante\"\" width=\"700\" height=\"396\" srcset=\"http:\/\/www.rincondelbulla.cl\/portal\/wp-content\/uploads\/2012\/04\/29e7ada72b2d6cbbca10c75790955922.jpg 700w, http:\/\/www.rincondelbulla.cl\/portal\/wp-content\/uploads\/2012\/04\/29e7ada72b2d6cbbca10c75790955922-300x170.jpg 300w, http:\/\/www.rincondelbulla.cl\/portal\/wp-content\/uploads\/2012\/04\/29e7ada72b2d6cbbca10c75790955922-696x394.jpg 696w\" sizes=\"auto, (max-width: 700px) 100vw, 700px\" \/><figcaption id=\"caption-attachment-4439\" class=\"wp-caption-text\">Sampaoli:<\/figcaption><\/figure>\n<p><strong>El DT de Universidad de Chile alab\u00f3 el gran compromiso de sus jugadores, pero sobre todo se dio el tiempo de analizar las posibilidades de la &#8216;U&#8217; ante su pr\u00f3ximo rival en octavos de final, Deportivo Quito, indicando que puede ser trascendente el duelo de visita.<\/strong> <!--more--> Luego de la ajustada victoria que consigui\u00f3 Universidad de Chile ante Atl\u00e9tico Nacional, Jorge Sampaoli, entrenador de la &#8216;U&#8217;, rescat\u00f3 y valor\u00f3 tras el partido la actitud de sus jugadores para poder imponerse en un encuentro complicado.<\/p>\n<p>\u00abLa convicci\u00f3n de los jugadores y la grandeza de este grupo, el compromiso y el respeto de los jugadores por la camiseta es lo que m\u00e1s destaco\u00bb, indic\u00f3 en conferencia de prensa.<\/p>\n<p>Respecto a las claves que considera tuvo el partido frente a los cafetaleros, se\u00f1al\u00f3 que \u00abnos presionaron mucho en la salida, fue un partido muy intenso. Pero lo ganamos bien y pudimos haber ganado por una diferencia mayor\u00bb.<\/p>\n<p>Adem\u00e1s, se dio el tiempo para analizar su pr\u00f3ximo desaf\u00edo en octavos de final ante Deportivo Quito, sobre lo cual apunt\u00f3 que \u00abes un rival dur\u00edsimo y la altura es un factor muy importante, que marca diferencias. La copa ha sido muy pareja, haber salido primeros no ser\u00e1 trascendental si no logramos ganar los duelos que vienen en adelante\u00bb.<\/p>\n<p>Otro que habl\u00f3 sobre el partido fue una de las figuras de los &#8216;azules&#8217; ante el cuadro de Santiago Escobar, Osvaldo Gonz\u00e1lez, quien apunt\u00f3 a la confianza dentro del grupo como una de las claves para mantenerse en la Copa: \u00abEsperamos seguir avanzando, ahora comienza la copa de verdad. Estamos mejorando y queremos llegar lejos\u00bb.<\/p>\n<p>Sobre el rival, dijo que \u00abnos ganaron bien el primer partido, aunque fue falso ya que nosotros ven\u00edamos saliendo de la pre-temporada que fue muy dura. Ahora nosotros estamos mejorando y lo demostramos ganando el grupo\u00bb.<\/p>\n<p><strong>Fuente:<\/strong> Prensafutbol.cl<\/p>\n","protected":false},"excerpt":{"rendered":"<p>El DT de Universidad de Chile alab\u00f3 el gran compromiso de sus jugadores, pero sobre todo se dio el tiempo de analizar las posibilidades de la &#8216;U&#8217; ante su pr\u00f3ximo rival en octavos de final, Deportivo Quito, indicando que puede ser trascendente el duelo de visita.<\/p>\n","protected":false},"author":1,"featured_media":4439,"comment_status":"open","ping_status":"open","sticky":false,"template":"","format":"standard","meta":{"footnotes":""},"categories":[18],"tags":[454,95,40],"class_list":{"0":"post-2833","1":"post","2":"type-post","3":"status-publish","4":"format-standard","5":"has-post-thumbnail","7":"category-actualidad","8":"tag-actualidad","9":"tag-copa-libertadores-2012","10":"tag-jorge-sampaoli"},"_links":{"self":[{"href":"http:\/\/www.rincondelbulla.cl\/portal\/wp-json\/wp\/v2\/posts\/2833","targetHints":{"allow":["GET"]}}],"collection":[{"href":"http:\/\/www.rincondelbulla.cl\/portal\/wp-json\/wp\/v2\/posts"}],"about":[{"href":"http:\/\/www.rincondelbulla.cl\/portal\/wp-json\/wp\/v2\/types\/post"}],"author":[{"embeddable":true,"href":"http:\/\/www.rincondelbulla.cl\/portal\/wp-json\/wp\/v2\/users\/1"}],"replies":[{"embeddable":true,"href":"http:\/\/www.rincondelbulla.cl\/portal\/wp-json\/wp\/v2\/comments?post=2833"}],"version-history":[{"count":0,"href":"http:\/\/www.rincondelbulla.cl\/portal\/wp-json\/wp\/v2\/posts\/2833\/revisions"}],"wp:featuredmedia":[{"embeddable":true,"href":"http:\/\/www.rincondelbulla.cl\/portal\/wp-json\/wp\/v2\/media\/4439"}],"wp:attachment":[{"href":"http:\/\/www.rincondelbulla.cl\/portal\/wp-json\/wp\/v2\/media?parent=2833"}],"wp:term":[{"taxonomy":"category","embeddable":true,"href":"http:\/\/www.rincondelbulla.cl\/portal\/wp-json\/wp\/v2\/categories?post=2833"},{"taxonomy":"post_tag","embeddable":true,"href":"http:\/\/www.rincondelbulla.cl\/portal\/wp-json\/wp\/v2\/tags?post=2833"}],"curies":[{"name":"wp","href":"https:\/\/api.w.org\/{rel}","templated":true}]}}