{"id":2834,"date":"2012-04-20T04:27:37","date_gmt":"2012-04-20T04:27:37","guid":{"rendered":"http:\/\/www.rincondelbulla.cl\/portal\/?p=2834"},"modified":"2012-04-20T04:27:37","modified_gmt":"2012-04-20T04:27:37","slug":"marca-personal-vs-atletico-nacional","status":"publish","type":"post","link":"http:\/\/www.rincondelbulla.cl\/portal\/2012\/04\/20\/marca-personal-vs-atletico-nacional\/","title":{"rendered":"Marca Personal vs. Atl\u00e9tico Nacional"},"content":{"rendered":"<figure id=\"attachment_4440\" aria-describedby=\"caption-attachment-4440\" style=\"width: 700px\" class=\"wp-caption alignnone\"><img loading=\"lazy\" decoding=\"async\" class=\" size-full wp-image-4440\" src=\"http:\/\/www.rincondelbulla.cl\/portal\/wp-content\/uploads\/2012\/04\/5d024dbae2232e2e2d057fb7d8ff30ff.jpg\" alt=\"Foto: Patricio Gonz\u00e1lez\" class=\"caption\" title=\"El an\u00e1lisis uno x uno del Le\u00f3n frente a Atl\u00e9tico Nacional\" width=\"700\" height=\"396\" srcset=\"http:\/\/www.rincondelbulla.cl\/portal\/wp-content\/uploads\/2012\/04\/5d024dbae2232e2e2d057fb7d8ff30ff.jpg 700w, http:\/\/www.rincondelbulla.cl\/portal\/wp-content\/uploads\/2012\/04\/5d024dbae2232e2e2d057fb7d8ff30ff-300x170.jpg 300w, http:\/\/www.rincondelbulla.cl\/portal\/wp-content\/uploads\/2012\/04\/5d024dbae2232e2e2d057fb7d8ff30ff-696x394.jpg 696w\" sizes=\"auto, (max-width: 700px) 100vw, 700px\" \/><figcaption id=\"caption-attachment-4440\" class=\"wp-caption-text\">El an\u00e1lisis uno x uno del Le\u00f3n frente a Atl\u00e9tico Nacional<\/figcaption><\/figure>\n<p><strong>Universidad de Chile gan\u00f3 el grupo 8 de la Copa Libertadores y se enfrentar\u00e1 a Deportivo Quito. Los azules sufrieron para derrotar a un complicado Atl\u00e9tico Nacional, sin embargo, como es costumbre en el \u00faltimo tiempo, el Le\u00f3n logr\u00f3 sacar su partido adelante y sigue so\u00f1ando en esta Copa. Los jugadores jugaron un gran partido, sobre todo en lo colectivo, lo que hizo que la U se quedara con el grupo ante un gran rival.<\/strong> <!--more--> <strong>Jhonny Herrera:<\/strong> Fue, durante todo el partido, casi un espectador, pero, como siempre, cuando se le necesit\u00f3 estuvo bien. En el gol, nada que hacer. Nota: 7.0<\/p>\n<p><strong>Jos\u00e9 Rojas:<\/strong> Muy bien en defensa, sali\u00f3 con clase y gan\u00f3 siempre en los cruces. Nota: 6.5<\/p>\n<p><strong>Osvaldo Gonz\u00e1lez:<\/strong> El mejor de la cancha, no s\u00f3lo por el gol, sino por todo su cometido defendiendo. Nota: 7.0<\/p>\n<p><strong>Eugenio Mena:<\/strong> Bien en su banda. Sali\u00f3 jugando y apoy\u00f3 mucho en ofensiva. Nota: 6.5<\/p>\n<p><strong>Sebasti\u00e1n Mart\u00ednez:<\/strong> Tal vez no fue su mejor partido, sobre todo terminando ya que le pes\u00f3 el poco roce internacional y termin\u00f3 reventado. Cuando estuvo al 100% bien. Nota: 6.0<\/p>\n<p><strong>Marcelo D\u00edaz:<\/strong> Otra de las figuras de la U. siempre aport\u00f3 en ofensiva y se adue\u00f1\u00f3 del mediocampo. Nota: 6.5<\/p>\n<p><strong>Mat\u00edas Rodr\u00edguez:<\/strong> Bajo partido, sin embargo anot\u00f3 el primer gol. Se espera mucho m\u00e1s de \u00e9l, aunque siempre es aporte. Nota: 6.0<\/p>\n<p><strong>Charles Ar\u00e1nguiz:<\/strong> Bien en mediocampo. Apoy\u00f3 siempre en ofensiva y fue un puntal en labores defensivas. Nota: 6.5<\/p>\n<p><strong>Emilio Hern\u00e1ndez:<\/strong> Se vio bien, aunque sigue manteniendo mucho el bal\u00f3n en sus pies. Aport\u00f3 para abrir la defensa rival, pero le falt\u00f3. Nota: 6.0<\/p>\n<p><strong>\u00c1ngelo Henr\u00edquez:<\/strong> Se le vio algo lento y poco claro, quiz\u00e1s, al igual que Mart\u00ednez, le cost\u00f3 con la presi\u00f3n del partido. Nota: 6.0<\/p>\n<p><strong>Junior Fern\u00e1ndes:<\/strong> Sali\u00f3 lesionado pero durante el tiempo que estuvo en cancha aport\u00f3 para abrir la defensa rival. Nota: 6.0<\/p>\n<p><strong>SUSTITUCIONES<\/strong><\/p>\n<p><strong>Felipe Gallegos:<\/strong> Se le vio un poco m\u00e1s activo y con m\u00e1s ganas. Nota: 6.0<\/p>\n<p><strong>Ra\u00fal Ruid\u00edaz:<\/strong> Ingres\u00f3 en el segundo tiempo y aport\u00f3 como siempre. Tuvo una jugada de peligro donde pec\u00f3 de individualista, pero si le sal\u00eda\u2026 Nota: 6.0<\/p>\n<p><strong>Paulo Magalhaes:<\/strong> Ingres\u00f3 casi al final de duelo y no fue mucho lo que vio de acci\u00f3n.<\/p>\n","protected":false},"excerpt":{"rendered":"<p>Universidad de Chile gan\u00f3 el grupo 8 de la Copa Libertadores y se enfrentar\u00e1 a Deportivo Quito. Los azules sufrieron para derrotar a un complicado Atl\u00e9tico Nacional, sin embargo, como es costumbre en el \u00faltimo tiempo, el Le\u00f3n logr\u00f3 sacar su partido adelante y sigue so\u00f1ando en esta Copa. Los jugadores jugaron un gran partido, [&#8230;]<\/p>\n","protected":false},"author":57,"featured_media":4440,"comment_status":"open","ping_status":"open","sticky":false,"template":"","format":"standard","meta":{"footnotes":""},"categories":[18],"tags":[454,95,43],"class_list":{"0":"post-2834","1":"post","2":"type-post","3":"status-publish","4":"format-standard","5":"has-post-thumbnail","7":"category-actualidad","8":"tag-actualidad","9":"tag-copa-libertadores-2012","10":"tag-marca-personal"},"_links":{"self":[{"href":"http:\/\/www.rincondelbulla.cl\/portal\/wp-json\/wp\/v2\/posts\/2834","targetHints":{"allow":["GET"]}}],"collection":[{"href":"http:\/\/www.rincondelbulla.cl\/portal\/wp-json\/wp\/v2\/posts"}],"about":[{"href":"http:\/\/www.rincondelbulla.cl\/portal\/wp-json\/wp\/v2\/types\/post"}],"author":[{"embeddable":true,"href":"http:\/\/www.rincondelbulla.cl\/portal\/wp-json\/wp\/v2\/users\/57"}],"replies":[{"embeddable":true,"href":"http:\/\/www.rincondelbulla.cl\/portal\/wp-json\/wp\/v2\/comments?post=2834"}],"version-history":[{"count":0,"href":"http:\/\/www.rincondelbulla.cl\/portal\/wp-json\/wp\/v2\/posts\/2834\/revisions"}],"wp:featuredmedia":[{"embeddable":true,"href":"http:\/\/www.rincondelbulla.cl\/portal\/wp-json\/wp\/v2\/media\/4440"}],"wp:attachment":[{"href":"http:\/\/www.rincondelbulla.cl\/portal\/wp-json\/wp\/v2\/media?parent=2834"}],"wp:term":[{"taxonomy":"category","embeddable":true,"href":"http:\/\/www.rincondelbulla.cl\/portal\/wp-json\/wp\/v2\/categories?post=2834"},{"taxonomy":"post_tag","embeddable":true,"href":"http:\/\/www.rincondelbulla.cl\/portal\/wp-json\/wp\/v2\/tags?post=2834"}],"curies":[{"name":"wp","href":"https:\/\/api.w.org\/{rel}","templated":true}]}}