{"id":2838,"date":"2012-04-20T18:30:24","date_gmt":"2012-04-20T18:30:24","guid":{"rendered":"http:\/\/www.rincondelbulla.cl\/portal\/?p=2838"},"modified":"2012-04-20T18:30:24","modified_gmt":"2012-04-20T18:30:24","slug":"angelo-henriquez-estamos-listos-para-jugar-dos-partidos-a-la-semana","status":"publish","type":"post","link":"http:\/\/www.rincondelbulla.cl\/portal\/2012\/04\/20\/angelo-henriquez-estamos-listos-para-jugar-dos-partidos-a-la-semana\/","title":{"rendered":"\u00c1ngelo Henr\u00edquez: \u00abEstamos listos para jugar dos partidos a la semana\u00bb"},"content":{"rendered":"<figure id=\"attachment_4444\" aria-describedby=\"caption-attachment-4444\" style=\"width: 700px\" class=\"wp-caption alignnone\"><img loading=\"lazy\" decoding=\"async\" class=\" size-full wp-image-4444\" src=\"http:\/\/www.rincondelbulla.cl\/portal\/wp-content\/uploads\/2012\/04\/c1034feeb8e544b33d1fc604d40ae043.jpg\" alt=\"Foto: Patricio Gonz\u00e1lez\" class=\"caption\" title=\"Henr\u00edquez: \"Estamos listos para jugar dos partidos a la semana\"\" width=\"700\" height=\"396\" srcset=\"http:\/\/www.rincondelbulla.cl\/portal\/wp-content\/uploads\/2012\/04\/c1034feeb8e544b33d1fc604d40ae043.jpg 700w, http:\/\/www.rincondelbulla.cl\/portal\/wp-content\/uploads\/2012\/04\/c1034feeb8e544b33d1fc604d40ae043-300x170.jpg 300w, http:\/\/www.rincondelbulla.cl\/portal\/wp-content\/uploads\/2012\/04\/c1034feeb8e544b33d1fc604d40ae043-696x394.jpg 696w\" sizes=\"auto, (max-width: 700px) 100vw, 700px\" \/><figcaption id=\"caption-attachment-4444\" class=\"wp-caption-text\">Henr\u00edquez:<\/figcaption><\/figure>\n<p><strong>El delantero de Universidad de Chile, \u00c1ngelo Henr\u00edquez, aclar\u00f3 que est\u00e1n en buena forma para afrontar la seguidilla de partidos que tendr\u00e1n en las pr\u00f3ximas semanas, entre torneo de Apertura y Copa Libertadores. Adem\u00e1s mostr\u00f3 respeto por Deportivo Quito.<\/strong> <!--more--> \u00c1ngelo Henr\u00edquez se est\u00e1 ganando una camiseta de titular en Universidad de Chile, en momentos donde el equipo comienza a jugarse los objetivos del semestre, ad portas de entrar a playoffs y ya en octavos de final de Copa Libertadores, por lo que esfuerzo f\u00edsico sigue en aumento.<\/p>\n<p>As\u00ed el delantero azul explic\u00f3 de qu\u00e9 forma llegan para encarar el calendario. \u00abEl equipo est\u00e1 preparado para jugar todos los partidos. Mis compa\u00f1eros lo demostraron el a\u00f1o pasado ganando los dos torneos y jugando dos partidos por semana\u00bb, se\u00f1al\u00f3.<\/p>\n<p>Sobre la victoria ante Atl\u00e9tico Nacional el mi\u00e9rcoles en la noche, el ariete explic\u00f3 que \u00abfue un partido muy intenso, muy trabado, estuvimos imprecisos con la pelota pero se logr\u00f3 el objetivo que era ganar\u00bb.<\/p>\n<p>El siguiente rival de los universitarios ser\u00e1 Deportivo Quito, y al respecto el joven atacante de 18 a\u00f1os aclar\u00f3 que \u00aben esta fase de la Copa todos los rivales son muy duros, sabemos que se hacen muy fuertes de local as\u00ed que habr\u00e1 que salir con todo\u00bb.<\/p>\n<p>La &#8216;U&#8217; recibir\u00e1 este domingo a las 18:30 a Antofagasta en el Estadio Santa Laura, duelo en el cual est\u00e1n descartados Eduardo Morante, Albert Acevedo y Gustavo Lorenzetti. Adem\u00e1s a Junior Fern\u00e1ndez -quien debi\u00f3 abandonar el partido de ayer en el entretiempo por una molestia f\u00edsica- se le realizar\u00e1n ex\u00e1menes para ver la gravedad de su lesi\u00f3n.<\/p>\n<p><strong>Fuente:<\/strong> Prensafutbol.cl<\/p>\n","protected":false},"excerpt":{"rendered":"<p>El delantero de Universidad de Chile, \u00c1ngelo Henr\u00edquez, aclar\u00f3 que est\u00e1n en buena forma para afrontar la seguidilla de partidos que tendr\u00e1n en las pr\u00f3ximas semanas, entre torneo de Apertura y Copa Libertadores. Adem\u00e1s mostr\u00f3 respeto por Deportivo Quito.<\/p>\n","protected":false},"author":1,"featured_media":4444,"comment_status":"open","ping_status":"open","sticky":false,"template":"","format":"standard","meta":{"footnotes":""},"categories":[18],"tags":[454,96,94,95],"class_list":{"0":"post-2838","1":"post","2":"type-post","3":"status-publish","4":"format-standard","5":"has-post-thumbnail","7":"category-actualidad","8":"tag-actualidad","9":"tag-angelo-henriquez","10":"tag-apertura-2012","11":"tag-copa-libertadores-2012"},"_links":{"self":[{"href":"http:\/\/www.rincondelbulla.cl\/portal\/wp-json\/wp\/v2\/posts\/2838","targetHints":{"allow":["GET"]}}],"collection":[{"href":"http:\/\/www.rincondelbulla.cl\/portal\/wp-json\/wp\/v2\/posts"}],"about":[{"href":"http:\/\/www.rincondelbulla.cl\/portal\/wp-json\/wp\/v2\/types\/post"}],"author":[{"embeddable":true,"href":"http:\/\/www.rincondelbulla.cl\/portal\/wp-json\/wp\/v2\/users\/1"}],"replies":[{"embeddable":true,"href":"http:\/\/www.rincondelbulla.cl\/portal\/wp-json\/wp\/v2\/comments?post=2838"}],"version-history":[{"count":0,"href":"http:\/\/www.rincondelbulla.cl\/portal\/wp-json\/wp\/v2\/posts\/2838\/revisions"}],"wp:featuredmedia":[{"embeddable":true,"href":"http:\/\/www.rincondelbulla.cl\/portal\/wp-json\/wp\/v2\/media\/4444"}],"wp:attachment":[{"href":"http:\/\/www.rincondelbulla.cl\/portal\/wp-json\/wp\/v2\/media?parent=2838"}],"wp:term":[{"taxonomy":"category","embeddable":true,"href":"http:\/\/www.rincondelbulla.cl\/portal\/wp-json\/wp\/v2\/categories?post=2838"},{"taxonomy":"post_tag","embeddable":true,"href":"http:\/\/www.rincondelbulla.cl\/portal\/wp-json\/wp\/v2\/tags?post=2838"}],"curies":[{"name":"wp","href":"https:\/\/api.w.org\/{rel}","templated":true}]}}