{"id":2846,"date":"2012-04-23T01:35:43","date_gmt":"2012-04-23T01:35:43","guid":{"rendered":"http:\/\/www.rincondelbulla.cl\/portal\/?p=2846"},"modified":"2012-04-23T01:35:43","modified_gmt":"2012-04-23T01:35:43","slug":"sampaoli-y-el-clasico-no-somos-superiores","status":"publish","type":"post","link":"http:\/\/www.rincondelbulla.cl\/portal\/2012\/04\/23\/sampaoli-y-el-clasico-no-somos-superiores\/","title":{"rendered":"Sampaoli y el Cl\u00e1sico: \u00abNo somos superiores\u00bb"},"content":{"rendered":"<figure id=\"attachment_4452\" aria-describedby=\"caption-attachment-4452\" style=\"width: 700px\" class=\"wp-caption alignnone\"><img loading=\"lazy\" decoding=\"async\" class=\" size-full wp-image-4452\" src=\"http:\/\/www.rincondelbulla.cl\/portal\/wp-content\/uploads\/2012\/04\/37952a4aa3490f6f35837c1e20350501.jpg\" alt=\"Foto: Claudio C\u00e1ceres\" class=\"caption\" title=\"Sampaoli: \"Los cl\u00e1sicos no se juegan, se ganan\".\" width=\"700\" height=\"396\" srcset=\"http:\/\/www.rincondelbulla.cl\/portal\/wp-content\/uploads\/2012\/04\/37952a4aa3490f6f35837c1e20350501.jpg 700w, http:\/\/www.rincondelbulla.cl\/portal\/wp-content\/uploads\/2012\/04\/37952a4aa3490f6f35837c1e20350501-300x170.jpg 300w, http:\/\/www.rincondelbulla.cl\/portal\/wp-content\/uploads\/2012\/04\/37952a4aa3490f6f35837c1e20350501-696x394.jpg 696w\" sizes=\"auto, (max-width: 700px) 100vw, 700px\" \/><figcaption id=\"caption-attachment-4452\" class=\"wp-caption-text\">Sampaoli:<\/figcaption><\/figure>\n<p><strong>El t\u00e9cnico de Universidad de Chile asegur\u00f3 que los cl\u00e1sicos son partidos distintos y que no llegan con ventaja. Sobre la victoria sobre Antofagasta, destac\u00f3 la intensidad y el ritmo de sus dirigidos, mientras que hizo hincapi\u00e9 en la importancia de la altura en Quito.<\/strong> <!--more--> Luego del macizo triunfo sobre Antofagasta, el entrenador de la &#8216;U&#8217;, Jorge Sampaoli analiz\u00f3 el partido y la victoria por 4-0 de su escuadra. \u00abDe haber sido m\u00e1s contundentes, pudimos lograr una diferencia mayor, convertimos a su arquero en figura. Jugamos con una intensidad y un ritmo muy altos\u00bb, indic\u00f3.<\/p>\n<p>En la pr\u00f3xima fecha, los azules disputar\u00e1n el supercl\u00e1sico frente a Colo Colo. Al respecto, se\u00f1al\u00f3 que \u00abno llegamos con ventaja, Colo Colo es un rival de jerarqu\u00eda. Los cl\u00e1sicos son partidos aparte, no importa c\u00f3mo llegue uno u otro. No somos superiores\u00bb.<\/p>\n<p>Sobre el duelo contra Deportivo Quito por la Copa Libertadores, apunt\u00f3 al buen juego de los ecuatorianos como local y la altura como factores importantes: \u00abNo podemos dejar que marquen diferencias en la altura como lo hicieron en la fase de grupos. Si eso pasa, estaremos pr\u00e1cticamente eliminados\u00bb.<\/p>\n<p>La figura azul en Santa Laura, \u00c1ngelo Henr\u00edquez, mencion\u00f3 que \u00abestamos viviendo un momento bonito nacional e internacionalmente. Tenemos buen plantel para ir rotando en cada partido\u201d, mientras que sobre el duelo ante los albos, declar\u00f3 que \u201ces un sue\u00f1o que tengo desde ni\u00f1o. Espero prepararme lo mejor posible\u00bb.<\/p>\n<p>Eugenio Mena, otro de los buenos valores universitarios, mencion\u00f3 la importancia de no cambiar el estilo de juego a pesar de los cambios: \u00abfuimos siempre al ataque, estamos contentos por el rendimiento y el resultado, a pesar de que faltaron algunos titulares\u00bb.<\/p>\n<p>Sobre el duelo del pr\u00f3ximo domingo ante el los albos, fue categ\u00f3rico y cerr\u00f3 aclarando que: \u00abLos cl\u00e1sicos no se juegan, se ganan\u00bb.<\/p>\n<p><strong>Fuente:<\/strong> Prensafutbol.cl<\/p>\n","protected":false},"excerpt":{"rendered":"<p>El t\u00e9cnico de Universidad de Chile asegur\u00f3 que los cl\u00e1sicos son partidos distintos y que no llegan con ventaja. Sobre la victoria sobre Antofagasta, destac\u00f3 la intensidad y el ritmo de sus dirigidos, mientras que hizo hincapi\u00e9 en la importancia de la altura en Quito.<\/p>\n","protected":false},"author":1,"featured_media":4452,"comment_status":"open","ping_status":"open","sticky":false,"template":"","format":"standard","meta":{"footnotes":""},"categories":[18],"tags":[454,96,94,101,40,44],"class_list":{"0":"post-2846","1":"post","2":"type-post","3":"status-publish","4":"format-standard","5":"has-post-thumbnail","7":"category-actualidad","8":"tag-actualidad","9":"tag-angelo-henriquez","10":"tag-apertura-2012","11":"tag-eugenio-mena","12":"tag-jorge-sampaoli","13":"tag-superclasico"},"_links":{"self":[{"href":"http:\/\/www.rincondelbulla.cl\/portal\/wp-json\/wp\/v2\/posts\/2846","targetHints":{"allow":["GET"]}}],"collection":[{"href":"http:\/\/www.rincondelbulla.cl\/portal\/wp-json\/wp\/v2\/posts"}],"about":[{"href":"http:\/\/www.rincondelbulla.cl\/portal\/wp-json\/wp\/v2\/types\/post"}],"author":[{"embeddable":true,"href":"http:\/\/www.rincondelbulla.cl\/portal\/wp-json\/wp\/v2\/users\/1"}],"replies":[{"embeddable":true,"href":"http:\/\/www.rincondelbulla.cl\/portal\/wp-json\/wp\/v2\/comments?post=2846"}],"version-history":[{"count":0,"href":"http:\/\/www.rincondelbulla.cl\/portal\/wp-json\/wp\/v2\/posts\/2846\/revisions"}],"wp:featuredmedia":[{"embeddable":true,"href":"http:\/\/www.rincondelbulla.cl\/portal\/wp-json\/wp\/v2\/media\/4452"}],"wp:attachment":[{"href":"http:\/\/www.rincondelbulla.cl\/portal\/wp-json\/wp\/v2\/media?parent=2846"}],"wp:term":[{"taxonomy":"category","embeddable":true,"href":"http:\/\/www.rincondelbulla.cl\/portal\/wp-json\/wp\/v2\/categories?post=2846"},{"taxonomy":"post_tag","embeddable":true,"href":"http:\/\/www.rincondelbulla.cl\/portal\/wp-json\/wp\/v2\/tags?post=2846"}],"curies":[{"name":"wp","href":"https:\/\/api.w.org\/{rel}","templated":true}]}}