{"id":2847,"date":"2012-04-23T01:46:19","date_gmt":"2012-04-23T01:46:19","guid":{"rendered":"http:\/\/www.rincondelbulla.cl\/portal\/?p=2847"},"modified":"2012-04-23T01:46:19","modified_gmt":"2012-04-23T01:46:19","slug":"pepe-rojas-jugaremos-el-clasico-a-muerte-eso-nos-han-inculcado","status":"publish","type":"post","link":"http:\/\/www.rincondelbulla.cl\/portal\/2012\/04\/23\/pepe-rojas-jugaremos-el-clasico-a-muerte-eso-nos-han-inculcado\/","title":{"rendered":"Pepe Rojas, \u201cJugaremos el cl\u00e1sico a muerte, eso nos han inculcado\u201d"},"content":{"rendered":"<figure id=\"attachment_4453\" aria-describedby=\"caption-attachment-4453\" style=\"width: 700px\" class=\"wp-caption alignnone\"><img loading=\"lazy\" decoding=\"async\" class=\" size-full wp-image-4453\" src=\"http:\/\/www.rincondelbulla.cl\/portal\/wp-content\/uploads\/2012\/04\/523b526c8bf5a1718afbf5e37e598b68.jpg\" alt=\"Foto: Patricio Gonz\u00e1lez\" class=\"caption\" title=\"Jugaremos el cl\u00e1sico a muerte, dice el Capit\u00e1n de la 'U'\" width=\"700\" height=\"396\" srcset=\"http:\/\/www.rincondelbulla.cl\/portal\/wp-content\/uploads\/2012\/04\/523b526c8bf5a1718afbf5e37e598b68.jpg 700w, http:\/\/www.rincondelbulla.cl\/portal\/wp-content\/uploads\/2012\/04\/523b526c8bf5a1718afbf5e37e598b68-300x170.jpg 300w, http:\/\/www.rincondelbulla.cl\/portal\/wp-content\/uploads\/2012\/04\/523b526c8bf5a1718afbf5e37e598b68-696x394.jpg 696w\" sizes=\"auto, (max-width: 700px) 100vw, 700px\" \/><figcaption id=\"caption-attachment-4453\" class=\"wp-caption-text\">Jugaremos el cl\u00e1sico a muerte, dice el Capit\u00e1n de la &#8216;U&#8217;<\/figcaption><\/figure>\n<p><strong>El capit\u00e1n, quien no jug\u00f3 hoy, habl\u00f3 del cl\u00e1sico de la pr\u00f3xima semana, tratando de bajar el perfil a las declaraciones encendidas que siempre se dan antes de estos importantes compromisos. Despu\u00e9s del duelo ganado a Antofagasta, los azules solamente tienen al archirival en mente y eso se hizo sentir.<\/strong> <!--more--> Jos\u00e9 Rojas, a pesar de no haber jugado, fue quien m\u00e1s habl\u00f3 con la prensa y, obviamente, s\u00f3lo recibi\u00f3 consultas sobre el duelo del pr\u00f3ximo domingo, ante lo cual respondi\u00f3 \u201cel partido lo jugaremos a muerte, como se debe jugar, porque hay que darle alegr\u00eda y satisfacci\u00f3n a nuestra gente\u201d.<\/p>\n<p>Sobre las declaraciones encendidas, el ambiente previo y lo que pasar\u00e1 en el Nacional, Rojas indic\u00f3 que \u201cla idea es no caer en provocaciones, solamente dedicarnos a jugar, como plantel tenemos un deseo y todos lo sabemos y eso nos har\u00e1 muy fuertes para lo que viene.\u201d<\/p>\n<p>{mp3}peperojasantofagasta{\/mp3}<\/p>\n","protected":false},"excerpt":{"rendered":"<p>El capit\u00e1n, quien no jug\u00f3 hoy, habl\u00f3 del cl\u00e1sico de la pr\u00f3xima semana, tratando de bajar el perfil a las declaraciones encendidas que siempre se dan antes de estos importantes compromisos. Despu\u00e9s del duelo ganado a Antofagasta, los azules solamente tienen al archirival en mente y eso se hizo sentir.<\/p>\n","protected":false},"author":57,"featured_media":4453,"comment_status":"open","ping_status":"open","sticky":false,"template":"","format":"standard","meta":{"footnotes":""},"categories":[18],"tags":[454,94,51,44],"class_list":{"0":"post-2847","1":"post","2":"type-post","3":"status-publish","4":"format-standard","5":"has-post-thumbnail","7":"category-actualidad","8":"tag-actualidad","9":"tag-apertura-2012","10":"tag-jose-rojas","11":"tag-superclasico"},"_links":{"self":[{"href":"http:\/\/www.rincondelbulla.cl\/portal\/wp-json\/wp\/v2\/posts\/2847","targetHints":{"allow":["GET"]}}],"collection":[{"href":"http:\/\/www.rincondelbulla.cl\/portal\/wp-json\/wp\/v2\/posts"}],"about":[{"href":"http:\/\/www.rincondelbulla.cl\/portal\/wp-json\/wp\/v2\/types\/post"}],"author":[{"embeddable":true,"href":"http:\/\/www.rincondelbulla.cl\/portal\/wp-json\/wp\/v2\/users\/57"}],"replies":[{"embeddable":true,"href":"http:\/\/www.rincondelbulla.cl\/portal\/wp-json\/wp\/v2\/comments?post=2847"}],"version-history":[{"count":0,"href":"http:\/\/www.rincondelbulla.cl\/portal\/wp-json\/wp\/v2\/posts\/2847\/revisions"}],"wp:featuredmedia":[{"embeddable":true,"href":"http:\/\/www.rincondelbulla.cl\/portal\/wp-json\/wp\/v2\/media\/4453"}],"wp:attachment":[{"href":"http:\/\/www.rincondelbulla.cl\/portal\/wp-json\/wp\/v2\/media?parent=2847"}],"wp:term":[{"taxonomy":"category","embeddable":true,"href":"http:\/\/www.rincondelbulla.cl\/portal\/wp-json\/wp\/v2\/categories?post=2847"},{"taxonomy":"post_tag","embeddable":true,"href":"http:\/\/www.rincondelbulla.cl\/portal\/wp-json\/wp\/v2\/tags?post=2847"}],"curies":[{"name":"wp","href":"https:\/\/api.w.org\/{rel}","templated":true}]}}