{"id":2849,"date":"2012-04-23T11:52:25","date_gmt":"2012-04-23T11:52:25","guid":{"rendered":"http:\/\/www.rincondelbulla.cl\/portal\/?p=2849"},"modified":"2012-04-23T11:52:25","modified_gmt":"2012-04-23T11:52:25","slug":"los-de-abajo-utilizan-original-forma-de-protestar-contra-el-plan-estadio-seguro","status":"publish","type":"post","link":"http:\/\/www.rincondelbulla.cl\/portal\/2012\/04\/23\/los-de-abajo-utilizan-original-forma-de-protestar-contra-el-plan-estadio-seguro\/","title":{"rendered":"\u00abLos de Abajo\u00bb utilizan original forma de protestar contra el Plan Estadio Seguro."},"content":{"rendered":"<figure id=\"attachment_4455\" aria-describedby=\"caption-attachment-4455\" style=\"width: 700px\" class=\"wp-caption alignnone\"><img loading=\"lazy\" decoding=\"async\" class=\" size-full wp-image-4455\" src=\"http:\/\/www.rincondelbulla.cl\/portal\/wp-content\/uploads\/2012\/04\/de1232d0643fbdd326c1e015a0322df6.jpg\" alt=\"Foto: Claudio C\u00e1ceres\" class=\"caption\" title=\"Poleras con la frase \"Fiesta o caos\" utilizaron Los de Abajo en forma de protesta\" width=\"700\" height=\"396\" srcset=\"http:\/\/www.rincondelbulla.cl\/portal\/wp-content\/uploads\/2012\/04\/de1232d0643fbdd326c1e015a0322df6.jpg 700w, http:\/\/www.rincondelbulla.cl\/portal\/wp-content\/uploads\/2012\/04\/de1232d0643fbdd326c1e015a0322df6-300x170.jpg 300w, http:\/\/www.rincondelbulla.cl\/portal\/wp-content\/uploads\/2012\/04\/de1232d0643fbdd326c1e015a0322df6-696x394.jpg 696w\" sizes=\"auto, (max-width: 700px) 100vw, 700px\" \/><figcaption id=\"caption-attachment-4455\" class=\"wp-caption-text\">Poleras con la frase<\/figcaption><\/figure>\n<p>Ya que una de las prohibiciones impuestas por el Plan Estadio Seguro, es el ingreso de lienzos, un grupo de integrantes de la Barra Los de Abajo, utiliz\u00f3 poleras para demostrar su desconformidad con la implementaci\u00f3n del plan impulsado por el Gobierno. <!--more--> Desde todas las localidades del Estadio Santa Laura se pod\u00eda apreciar en el lado norte al grupo de hinchas que realizaron la protesta, en las poleras pod\u00eda leerse la frase \u00abFiesta o caos\u00bb luego la firma \u00abLos de Abajo\u00bb.<\/p>\n","protected":false},"excerpt":{"rendered":"<p>Ya que una de las prohibiciones impuestas por el Plan Estadio Seguro, es el ingreso de lienzos, un grupo de integrantes de la Barra Los de Abajo, utiliz\u00f3 poleras para demostrar su desconformidad con la implementaci\u00f3n del plan impulsado por el Gobierno.<\/p>\n","protected":false},"author":56,"featured_media":4455,"comment_status":"open","ping_status":"open","sticky":false,"template":"","format":"standard","meta":{"footnotes":""},"categories":[18],"tags":[454,104,102,103],"class_list":{"0":"post-2849","1":"post","2":"type-post","3":"status-publish","4":"format-standard","5":"has-post-thumbnail","7":"category-actualidad","8":"tag-actualidad","9":"tag-estadio-seguro","10":"tag-los-de-abajo","11":"tag-protesta"},"_links":{"self":[{"href":"http:\/\/www.rincondelbulla.cl\/portal\/wp-json\/wp\/v2\/posts\/2849","targetHints":{"allow":["GET"]}}],"collection":[{"href":"http:\/\/www.rincondelbulla.cl\/portal\/wp-json\/wp\/v2\/posts"}],"about":[{"href":"http:\/\/www.rincondelbulla.cl\/portal\/wp-json\/wp\/v2\/types\/post"}],"author":[{"embeddable":true,"href":"http:\/\/www.rincondelbulla.cl\/portal\/wp-json\/wp\/v2\/users\/56"}],"replies":[{"embeddable":true,"href":"http:\/\/www.rincondelbulla.cl\/portal\/wp-json\/wp\/v2\/comments?post=2849"}],"version-history":[{"count":0,"href":"http:\/\/www.rincondelbulla.cl\/portal\/wp-json\/wp\/v2\/posts\/2849\/revisions"}],"wp:featuredmedia":[{"embeddable":true,"href":"http:\/\/www.rincondelbulla.cl\/portal\/wp-json\/wp\/v2\/media\/4455"}],"wp:attachment":[{"href":"http:\/\/www.rincondelbulla.cl\/portal\/wp-json\/wp\/v2\/media?parent=2849"}],"wp:term":[{"taxonomy":"category","embeddable":true,"href":"http:\/\/www.rincondelbulla.cl\/portal\/wp-json\/wp\/v2\/categories?post=2849"},{"taxonomy":"post_tag","embeddable":true,"href":"http:\/\/www.rincondelbulla.cl\/portal\/wp-json\/wp\/v2\/tags?post=2849"}],"curies":[{"name":"wp","href":"https:\/\/api.w.org\/{rel}","templated":true}]}}