{"id":2858,"date":"2012-04-26T12:34:05","date_gmt":"2012-04-26T12:34:05","guid":{"rendered":"http:\/\/www.rincondelbulla.cl\/portal\/?p=2858"},"modified":"2012-04-26T12:34:05","modified_gmt":"2012-04-26T12:34:05","slug":"comenzo-la-venta-de-entradas-para-el-clasico-en-el-nacional","status":"publish","type":"post","link":"http:\/\/www.rincondelbulla.cl\/portal\/2012\/04\/26\/comenzo-la-venta-de-entradas-para-el-clasico-en-el-nacional\/","title":{"rendered":"Comenz\u00f3 la venta de entradas para el cl\u00e1sico en el Nacional"},"content":{"rendered":"<figure id=\"attachment_4465\" aria-describedby=\"caption-attachment-4465\" style=\"width: 700px\" class=\"wp-caption alignnone\"><img loading=\"lazy\" decoding=\"async\" class=\" size-full wp-image-4465\" src=\"http:\/\/www.rincondelbulla.cl\/portal\/wp-content\/uploads\/2012\/04\/14897aded4cfe20b8f9e4560894accd6.jpg\" alt=\"Foto: Claudio C\u00e1ceres\" class=\"caption\" title=\"La Galer\u00eda sur se agot\u00f3 por Internet, por lo que esta ubicaci\u00f3n no estar\u00e1 a la venta.\" width=\"700\" height=\"396\" srcset=\"http:\/\/www.rincondelbulla.cl\/portal\/wp-content\/uploads\/2012\/04\/14897aded4cfe20b8f9e4560894accd6.jpg 700w, http:\/\/www.rincondelbulla.cl\/portal\/wp-content\/uploads\/2012\/04\/14897aded4cfe20b8f9e4560894accd6-300x170.jpg 300w, http:\/\/www.rincondelbulla.cl\/portal\/wp-content\/uploads\/2012\/04\/14897aded4cfe20b8f9e4560894accd6-696x394.jpg 696w\" sizes=\"auto, (max-width: 700px) 100vw, 700px\" \/><figcaption id=\"caption-attachment-4465\" class=\"wp-caption-text\">La Galer\u00eda sur se agot\u00f3 por Internet, por lo que esta ubicaci\u00f3n no estar\u00e1 a la venta.<\/figcaption><\/figure>\n<p><strong>Hoy comienza la venta de entradas para el cl\u00e1sico en el Nacional.<\/strong> <!--more--> A partir de esta ma\u00f1ana, comienza la venta de entradas para el cl\u00e1sico con Colo Colo.<\/p>\n<p>Los Tickets podr\u00e1n ser adquiridos desde las 10:00 hasta las 18:30 horas en las boleter\u00edas del Estadio Nacional y hasta agotar stock.<\/p>\n<p>Cabe se\u00f1alar que<strong> se podr\u00e1n comprar hasta dos entradas por persona para Galer\u00eda y Ni\u00f1o<\/strong>. En tanto, en las localidades de<strong> Andes y Tribuna la venta ser\u00e1 ilimitada.<\/strong><\/p>\n<p>Socios tarjeta azul y empadronados podr\u00e1n adquirir s\u00f3lo un boleto.<\/p>\n<p>La Galer\u00eda sur se agot\u00f3 por Internet, por lo que esta ubicaci\u00f3n no estar\u00e1 a la venta.<\/p>\n<p><span style=\"text-decoration: underline;\"><strong>Precios:<\/strong><\/span><\/p>\n<p>Tribuna : $30.000.-<br \/>Andes: $12.000.-<br \/>Galer\u00eda: $6.000.-<br \/>Socio empadronado (una por persona): $3.000.-<br \/>Socio tarjeta azul (una por persona): $3.000.-<br \/>Ni\u00f1os: $3.000.-<\/p>\n","protected":false},"excerpt":{"rendered":"<p>Hoy comienza la venta de entradas para el cl\u00e1sico en el Nacional.<\/p>\n","protected":false},"author":1,"featured_media":4465,"comment_status":"open","ping_status":"open","sticky":false,"template":"","format":"standard","meta":{"footnotes":""},"categories":[18],"tags":[454,94,44,83],"class_list":{"0":"post-2858","1":"post","2":"type-post","3":"status-publish","4":"format-standard","5":"has-post-thumbnail","7":"category-actualidad","8":"tag-actualidad","9":"tag-apertura-2012","10":"tag-superclasico","11":"tag-venta-de-entradas"},"_links":{"self":[{"href":"http:\/\/www.rincondelbulla.cl\/portal\/wp-json\/wp\/v2\/posts\/2858","targetHints":{"allow":["GET"]}}],"collection":[{"href":"http:\/\/www.rincondelbulla.cl\/portal\/wp-json\/wp\/v2\/posts"}],"about":[{"href":"http:\/\/www.rincondelbulla.cl\/portal\/wp-json\/wp\/v2\/types\/post"}],"author":[{"embeddable":true,"href":"http:\/\/www.rincondelbulla.cl\/portal\/wp-json\/wp\/v2\/users\/1"}],"replies":[{"embeddable":true,"href":"http:\/\/www.rincondelbulla.cl\/portal\/wp-json\/wp\/v2\/comments?post=2858"}],"version-history":[{"count":0,"href":"http:\/\/www.rincondelbulla.cl\/portal\/wp-json\/wp\/v2\/posts\/2858\/revisions"}],"wp:featuredmedia":[{"embeddable":true,"href":"http:\/\/www.rincondelbulla.cl\/portal\/wp-json\/wp\/v2\/media\/4465"}],"wp:attachment":[{"href":"http:\/\/www.rincondelbulla.cl\/portal\/wp-json\/wp\/v2\/media?parent=2858"}],"wp:term":[{"taxonomy":"category","embeddable":true,"href":"http:\/\/www.rincondelbulla.cl\/portal\/wp-json\/wp\/v2\/categories?post=2858"},{"taxonomy":"post_tag","embeddable":true,"href":"http:\/\/www.rincondelbulla.cl\/portal\/wp-json\/wp\/v2\/tags?post=2858"}],"curies":[{"name":"wp","href":"https:\/\/api.w.org\/{rel}","templated":true}]}}