{"id":2875,"date":"2012-04-30T18:45:28","date_gmt":"2012-04-30T18:45:28","guid":{"rendered":"http:\/\/www.rincondelbulla.cl\/portal\/?p=2875"},"modified":"2012-04-30T18:45:28","modified_gmt":"2012-04-30T18:45:28","slug":"johnny-herrera-tras-la-goleada-a-colo-colo-lo-disfrute-como-un-hincha-mas","status":"publish","type":"post","link":"http:\/\/www.rincondelbulla.cl\/portal\/2012\/04\/30\/johnny-herrera-tras-la-goleada-a-colo-colo-lo-disfrute-como-un-hincha-mas\/","title":{"rendered":"Johnny Herrera, tras la goleada a Colo Colo: \u00abLo disfrut\u00e9 como un hincha m\u00e1s\u00bb"},"content":{"rendered":"<img loading=\"lazy\" decoding=\"async\" class=\" size-full wp-image-4482\" src=\"http:\/\/www.rincondelbulla.cl\/portal\/wp-content\/uploads\/2012\/04\/eea4518f1429f185be7035ff9652eb50.jpg\" alt=\"Foto: El Mercurio\" class=\"caption\" title=\"\"A ratos fui espectador del partido, porque no me llegaron nunca y lo disfrut\u00e9 como un hincha m\u00e1s\", Coment\u00f3.\" width=\"700\" height=\"396\" srcset=\"http:\/\/www.rincondelbulla.cl\/portal\/wp-content\/uploads\/2012\/04\/eea4518f1429f185be7035ff9652eb50.jpg 700w, http:\/\/www.rincondelbulla.cl\/portal\/wp-content\/uploads\/2012\/04\/eea4518f1429f185be7035ff9652eb50-300x170.jpg 300w, http:\/\/www.rincondelbulla.cl\/portal\/wp-content\/uploads\/2012\/04\/eea4518f1429f185be7035ff9652eb50-696x394.jpg 696w\" sizes=\"auto, (max-width: 700px) 100vw, 700px\" \/>\n<p><strong>El meta llen\u00f3 de elogios a sus compa\u00f1eros despu\u00e9s del hist\u00f3rico triunfo sobre los albos.\u00bbSomos una tremenda instituci\u00f3n, estamos haciendo las cosas de forma perfecta\u00bb, coment\u00f3.<\/strong> <!--more--> Tras la goleada por 5-0 de Universidad de Chile a Colo Colo en el Estadio Nacional, el portero estudiantil Johnny Herrera asegur\u00f3 que vivi\u00f3 el partido como un \u00abhincha m\u00e1s\u00bb y llen\u00f3 de elogios a sus compa\u00f1eros por el logro ante el archirrival.<\/p>\n<p>\u00abA ratos fui espectador del partido, porque no me llegaron nunca y lo disfrut\u00e9 como un hincha m\u00e1s\u00bb, dijo en conferencia de prensa en el Centro Deportivo Azul.<\/p>\n<p>El portero tambi\u00e9n asegur\u00f3 que el planteamiento de los albos fue \u00abm\u00e1s de lo mismo\u00bb y que fue justa la victoria de los laicos.<\/p>\n<p>\u00abEste plantel de la U disfruta cada vez que juega. Era un cl\u00e1sico, una espina que se ten\u00eda que sacar y para m\u00ed lo de Colo Colo fue m\u00e1s de lo mismo. Fue lo mismo que hizo (Ivo) Basay en el Monumental\u00bb, se\u00f1al\u00f3.<\/p>\n<p>\u00abEra cuesti\u00f3n de paciencia, porque 11 contra 11 tampoco nos llegaron al arco. De hecho, crearon m\u00e1s peligro cuando estaban con 10. En alg\u00fan momento ten\u00edamos que abrir el marcador\u00bb, agreg\u00f3 el portero en referencia a la expulsi\u00f3n de Mauro Olivi.<\/p>\n<p>\u00abFue una felicidad enorme, pero lo de Colo Colo ya es pasado y ahora hay que pasar en la Copa Libertadores\u00bb, dijo.<\/p>\n<p><strong>\u00abEL EQUIPO ES MEJOR QUE EL DEL A\u00d1O PASADO\u00bb<\/strong><\/p>\n<p>El portero adem\u00e1s destac\u00f3 la calidad de su escuadra, asegurando que siente que es incluso mejor que el del a\u00f1o pasado que logr\u00f3 la Copa Sudamericana.<\/p>\n<p>\u00abCreo que hoy somos un equipo, sino igual, hasta mejor que el del a\u00f1o pasado. Este equipo se forma d\u00eda a d\u00eda, con las ganas que le ponen en cada entrenamiento, lo que te hace domingo a domingo ganar todo\u00bb, coment\u00f3.<\/p>\n<p>\u00abSomos un plantel demasiado buena onda. El equipo tiene todo, jugadores claves m\u00e1s la apuesta del entrenador que es muy importante. Se produjo esta situaci\u00f3n donde dos aristas muy importanes del f\u00fatbol se encontraron. Somos una tremenda instituci\u00f3n que estamos haciendo las cosas de forma perfecta. Ojal\u00e1 que podamos tener m\u00e1s t\u00edtulos\u00bb, coment\u00f3.<\/p>\n<p>Finalmente, el meta destac\u00f3 lo realizado por los j\u00f3venes del equipo y valor\u00f3 que los azules sean respetados internacionalmente.<\/p>\n<p>\u00abLo de Angelo (Henr\u00edquez), lo de Igor (Lichnovsky) es gente de la cantera con tremenda proyecci\u00f3n y ya han jugado cl\u00e1sicos&#8230;\u00bb, dijo.<\/p>\n<p>\u00abNos respetan, haber conseguido la (Copa) Sudamericana no es cualquier cosa. Antes hasta te confund\u00edan con la Cat\u00f3lica. En el f\u00fatbol nunca se sabe, pero Dios quiera que este equipo siga obteniendo logros\u00bb, agreg\u00f3.<\/p>\n<p><strong>Fuente:<\/strong> Cooperativa.cl<\/p>\n","protected":false},"excerpt":{"rendered":"<p>El meta llen\u00f3 de elogios a sus compa\u00f1eros despu\u00e9s del hist\u00f3rico triunfo sobre los albos.\u00bbSomos una tremenda instituci\u00f3n, estamos haciendo las cosas de forma perfecta\u00bb, coment\u00f3.<\/p>\n","protected":false},"author":1,"featured_media":4482,"comment_status":"open","ping_status":"open","sticky":false,"template":"","format":"standard","meta":{"footnotes":""},"categories":[18],"tags":[454,94,41,44],"class_list":{"0":"post-2875","1":"post","2":"type-post","3":"status-publish","4":"format-standard","5":"has-post-thumbnail","7":"category-actualidad","8":"tag-actualidad","9":"tag-apertura-2012","10":"tag-johnny-herrera","11":"tag-superclasico"},"_links":{"self":[{"href":"http:\/\/www.rincondelbulla.cl\/portal\/wp-json\/wp\/v2\/posts\/2875","targetHints":{"allow":["GET"]}}],"collection":[{"href":"http:\/\/www.rincondelbulla.cl\/portal\/wp-json\/wp\/v2\/posts"}],"about":[{"href":"http:\/\/www.rincondelbulla.cl\/portal\/wp-json\/wp\/v2\/types\/post"}],"author":[{"embeddable":true,"href":"http:\/\/www.rincondelbulla.cl\/portal\/wp-json\/wp\/v2\/users\/1"}],"replies":[{"embeddable":true,"href":"http:\/\/www.rincondelbulla.cl\/portal\/wp-json\/wp\/v2\/comments?post=2875"}],"version-history":[{"count":0,"href":"http:\/\/www.rincondelbulla.cl\/portal\/wp-json\/wp\/v2\/posts\/2875\/revisions"}],"wp:featuredmedia":[{"embeddable":true,"href":"http:\/\/www.rincondelbulla.cl\/portal\/wp-json\/wp\/v2\/media\/4482"}],"wp:attachment":[{"href":"http:\/\/www.rincondelbulla.cl\/portal\/wp-json\/wp\/v2\/media?parent=2875"}],"wp:term":[{"taxonomy":"category","embeddable":true,"href":"http:\/\/www.rincondelbulla.cl\/portal\/wp-json\/wp\/v2\/categories?post=2875"},{"taxonomy":"post_tag","embeddable":true,"href":"http:\/\/www.rincondelbulla.cl\/portal\/wp-json\/wp\/v2\/tags?post=2875"}],"curies":[{"name":"wp","href":"https:\/\/api.w.org\/{rel}","templated":true}]}}