{"id":2876,"date":"2012-05-01T15:25:08","date_gmt":"2012-05-01T15:25:08","guid":{"rendered":"http:\/\/www.rincondelbulla.cl\/portal\/?p=2876"},"modified":"2012-05-01T15:25:08","modified_gmt":"2012-05-01T15:25:08","slug":"diego-rivarola-me-emociono-el-homenaje-de-henriquez-es-un-orgullo-que-se-proyecte-en-mi","status":"publish","type":"post","link":"http:\/\/www.rincondelbulla.cl\/portal\/2012\/05\/01\/diego-rivarola-me-emociono-el-homenaje-de-henriquez-es-un-orgullo-que-se-proyecte-en-mi\/","title":{"rendered":"Diego Rivarola: \u00abMe emocion\u00f3 el homenaje de Henr\u00edquez, es un orgullo que se proyecte en m\u00ed\u00bb"},"content":{"rendered":"<p><img loading=\"lazy\" decoding=\"async\" class=\" size-full wp-image-4483\" src=\"http:\/\/www.rincondelbulla.cl\/portal\/wp-content\/uploads\/2012\/05\/f01972808de30afd6149c13c22628d9c.jpg\" alt=\"\" width=\"700\" height=\"396\" srcset=\"http:\/\/www.rincondelbulla.cl\/portal\/wp-content\/uploads\/2012\/05\/f01972808de30afd6149c13c22628d9c.jpg 700w, http:\/\/www.rincondelbulla.cl\/portal\/wp-content\/uploads\/2012\/05\/f01972808de30afd6149c13c22628d9c-300x170.jpg 300w, http:\/\/www.rincondelbulla.cl\/portal\/wp-content\/uploads\/2012\/05\/f01972808de30afd6149c13c22628d9c-696x394.jpg 696w\" sizes=\"auto, (max-width: 700px) 100vw, 700px\" \/><\/p>\n<p><strong>El \u00eddolo de la \u00abU\u00bb, actual funcionario del club, dio su visi\u00f3n del Supercl\u00e1sico del domingo y del gol de Angelo Henr\u00edquez, su heredero en la \u00abU\u00bb.<\/strong> <!--more--> Diego Rivarola trabaja en la \u00abU\u00bb, es \u00eddolo de la hinchada de la \u00abU\u00bb y es fan\u00e1tico del conjunto azul. Sin embargo, no qued\u00f3 del todo contento por el desenlace del 5-0 sobre Colo Colo, el domingo en el Nacional. No por el resultado, sino porque se perdi\u00f3 los \u00faltimos dos goles y porque uno de esos, el de Angelo Henr\u00edquez, fue en su honor.<\/p>\n<p>Pas\u00f3 que por un asunto personal, Rivarola decidi\u00f3 irse antes del final. El gol de Henr\u00edquez, de hecho, no lo pudo ver, puesto que ya iba por un pasillo del Estadio. \u00abLo sent\u00ed por el clamor de la gente\u00bb, explica el ex delantero a La Tercera. Y nunca supo que el juvenil le dedicaba justamente a \u00e9l su primera conquista en un cl\u00e1sico, con una camiseta debajo de la oficial igual a la que exhib\u00eda Rivarola cuando le anotaba a Colo Colo, con el personaje animado \u00abGok\u00fa\u00bb estampado.<\/p>\n<p>Henr\u00edquez, eso s\u00ed, exhibi\u00f3 la figura de \u00abGohan\u00bb, el hijo de \u00abGok\u00fa\u00bb, asumiendo desde ya que es el \u00abheredero\u00bb del argentino. \u00abMe contaron despu\u00e9s. Me sorprendi\u00f3, fue un momento de mucha alegr\u00eda. Es un orgullo que se me recuerde as\u00ed, adem\u00e1s que la gente en el estadio empez\u00f3 a corear mi nombre\u00bb, expresa el ahora funcionario de Azul Azul.<\/p>\n<p><strong>\u00bfConsidera tambi\u00e9n que Angelo Henr\u00edquez puede ser su heredero en la \u00abU\u00bb?<\/strong><br \/>El tiempo lo dir\u00e1. Tiene muchas condiciones y empez\u00f3 igual que yo, anotando un gol en un cl\u00e1sico y mostrando un &#8216;Goku&#8217;. Es un jugador que mucho camino por recorrer, pero sin duda que tiene todo para se mi heredero en la \u00abU\u00bb. Por eso me emocion\u00f3 su homenaje, porque es un orgullo que se proyecte en m\u00ed.<\/p>\n<p><strong>\u00bfVe en Henr\u00edquez similitudes con su estilo de juego?<\/strong><br \/>Creo que en la forma de definir es lo que m\u00e1s nos parecemos. Los dos somos buenos definidores. Su contextura f\u00edsica tambi\u00e9n es parecida a la m\u00eda y los dos ten\u00edamos la capacidad de jugar fuera del \u00e1rea. Pero s\u00ed, la definici\u00f3n es en lo que m\u00e1s nos parecemos\u00bb.<\/p>\n<p><strong>Imagino que ahora lamenta m\u00e1s no haber visto el partido completo en el estadio&#8230;<\/strong><br \/>Claro, me hubiese gustado estar ah\u00ed. Fue emocionante por todo el contexto, por lo que hizo Angelo. Es que no me dijo nada antes y no ten\u00eda idea que iba a pasar. Me emocion\u00e9 realmente, es un orgullo que \u00abGok\u00fa\u00bb haya dejado una marca no s\u00f3lo en los hinchas, sino tambi\u00e9n en los jugadores de la \u00abU\u00bb, los que van llegando al equipo.<\/p>\n<p><strong>LA VERG\u00dcENZA<\/strong><br \/>En otro tema, Diego Rivarola tambi\u00e9n habl\u00f3 de la goleada hist\u00f3rica que le propin\u00f3 el cuadro azul a Colo Colo, el domingo. \u00abCreo que nunca hab\u00eda visto un cl\u00e1sico donde se viera tanta diferencia entre un equipo y otro. No me refiero s\u00f3lo al resultado, sino a todo lo que se ve en un partido. Fue demasiada grande la superioridad de la &#8216;U'\u00bb.<\/p>\n<p><strong>Los jugadores de Colo Colo hablaron de una \u00abverg\u00fcenza\u00bb. Si le hubiese pasado a usted, \u00bfQu\u00e9 habr\u00eda hecho?<\/strong><br \/>Habr\u00eda dicho lo mismo. Un cl\u00e1sico no se puede perder y si lo pierdes, una goleada es lo peor. Estos partidos tienen un valor distinto y la verg\u00fcenza que debieron sentir en Colo Colo claro que la entiendo, porque a m\u00ed me hubiese pasado igual. La verdad no s\u00e9 qu\u00e9 habr\u00eda dicho despu\u00e9s, en \u00abcaliente\u00bb.<\/p>\n<p><strong>Fuente:<\/strong> La Tercera<\/p>\n","protected":false},"excerpt":{"rendered":"<p>El \u00eddolo de la \u00abU\u00bb, actual funcionario del club, dio su visi\u00f3n del Supercl\u00e1sico del domingo y del gol de Angelo Henr\u00edquez, su heredero en la \u00abU\u00bb.<\/p>\n","protected":false},"author":1,"featured_media":4483,"comment_status":"open","ping_status":"open","sticky":false,"template":"","format":"standard","meta":{"footnotes":""},"categories":[18],"tags":[454,96,45],"class_list":{"0":"post-2876","1":"post","2":"type-post","3":"status-publish","4":"format-standard","5":"has-post-thumbnail","7":"category-actualidad","8":"tag-actualidad","9":"tag-angelo-henriquez","10":"tag-diego-rivarola"},"_links":{"self":[{"href":"http:\/\/www.rincondelbulla.cl\/portal\/wp-json\/wp\/v2\/posts\/2876","targetHints":{"allow":["GET"]}}],"collection":[{"href":"http:\/\/www.rincondelbulla.cl\/portal\/wp-json\/wp\/v2\/posts"}],"about":[{"href":"http:\/\/www.rincondelbulla.cl\/portal\/wp-json\/wp\/v2\/types\/post"}],"author":[{"embeddable":true,"href":"http:\/\/www.rincondelbulla.cl\/portal\/wp-json\/wp\/v2\/users\/1"}],"replies":[{"embeddable":true,"href":"http:\/\/www.rincondelbulla.cl\/portal\/wp-json\/wp\/v2\/comments?post=2876"}],"version-history":[{"count":0,"href":"http:\/\/www.rincondelbulla.cl\/portal\/wp-json\/wp\/v2\/posts\/2876\/revisions"}],"wp:featuredmedia":[{"embeddable":true,"href":"http:\/\/www.rincondelbulla.cl\/portal\/wp-json\/wp\/v2\/media\/4483"}],"wp:attachment":[{"href":"http:\/\/www.rincondelbulla.cl\/portal\/wp-json\/wp\/v2\/media?parent=2876"}],"wp:term":[{"taxonomy":"category","embeddable":true,"href":"http:\/\/www.rincondelbulla.cl\/portal\/wp-json\/wp\/v2\/categories?post=2876"},{"taxonomy":"post_tag","embeddable":true,"href":"http:\/\/www.rincondelbulla.cl\/portal\/wp-json\/wp\/v2\/tags?post=2876"}],"curies":[{"name":"wp","href":"https:\/\/api.w.org\/{rel}","templated":true}]}}