{"id":2877,"date":"2012-05-02T10:27:49","date_gmt":"2012-05-02T10:27:49","guid":{"rendered":"http:\/\/www.rincondelbulla.cl\/portal\/?p=2877"},"modified":"2012-05-02T10:27:49","modified_gmt":"2012-05-02T10:27:49","slug":"la-u-viajo-a-quito-con-confianza-nos-hemos-ganado-un-respeto-en-sudamerica","status":"publish","type":"post","link":"http:\/\/www.rincondelbulla.cl\/portal\/2012\/05\/02\/la-u-viajo-a-quito-con-confianza-nos-hemos-ganado-un-respeto-en-sudamerica\/","title":{"rendered":"La \u00abU\u00bb viaj\u00f3 a Quito con confianza: \u00abNos hemos ganado un respeto en Sud\u00e1merica\u00bb"},"content":{"rendered":"<p><img loading=\"lazy\" decoding=\"async\" class=\" size-full wp-image-4484\" src=\"http:\/\/www.rincondelbulla.cl\/portal\/wp-content\/uploads\/2012\/05\/2ce85df04f10d845d088abd07283ce75.jpg\" alt=\"\" width=\"700\" height=\"396\" srcset=\"http:\/\/www.rincondelbulla.cl\/portal\/wp-content\/uploads\/2012\/05\/2ce85df04f10d845d088abd07283ce75.jpg 700w, http:\/\/www.rincondelbulla.cl\/portal\/wp-content\/uploads\/2012\/05\/2ce85df04f10d845d088abd07283ce75-300x170.jpg 300w, http:\/\/www.rincondelbulla.cl\/portal\/wp-content\/uploads\/2012\/05\/2ce85df04f10d845d088abd07283ce75-696x394.jpg 696w\" sizes=\"auto, (max-width: 700px) 100vw, 700px\" \/><\/p>\n<p><strong>Los azules se embarcaron con rumbo a Ecuador para enfrentar a Deportivo Quito. Jhonny Herrera se refiri\u00f3 a las palabras del t\u00e9cnico quite\u00f1o, Carlos Ischia.<\/strong>  <!--more--> Universidad de Chile viaj\u00f3 a Ecuador para enfrentar el jueves a Deportivo Quito por los octavos de final de la Copa Libertadores, en medio del fervor de una centena de hinchas que llegaron al aeropuerto de Pudahuel para despedir al plantel.<\/p>\n<p>El cuerpo t\u00e9cnico azul baraja la opci\u00f3n de sumar a otro volante de contenci\u00f3n (que ser\u00eda Sebasti\u00e1n Mart\u00ednez) para contrarrestar el poder ofensivo local. Para Jorge Sampaoli, ser\u00e1 un \u00abpartido muy dif\u00edcil ante un rival que se siente muy c\u00f3modo en un escenario complicado\u00bb, mientras que su ayudante, Sebasti\u00e1n Becaccece, se refiri\u00f3 al posible cambio de esquema.<\/p>\n<p>\u00abTodav\u00eda no est\u00e1 definido (el equipo) y puede ser una alternativa para contrarrestar el poder ofensivo que tienen por las bandas\u00bb, dijo.<\/p>\n<p>Por su parte, Jhonny Herrera coment\u00f3 las palabras del t\u00e9cnico quite\u00f1o, Carlos Ischia, quien manifest\u00f3 su admiraci\u00f3n por el juego de la \u00abU\u00bb. &nbsp;<\/p>\n<p>\u00abNosotros nos hemos ganado un respeto en Sudam\u00e9rica y si \u00e9l lo dice, es por algo. Vamos a ir a dejar bien parado el nombre de la &#8216;U'\u00bb, sostuvo el meta.<\/p>\n<p>En tanto, Pepe Rojas espera que los factores clim\u00e1ticos y de la altura no afecten el desempe\u00f1o del equipo. \u00abVa a ser complicado, pero tenemos que sobreponernos a las condiciones que hay all\u00e1. Ojal\u00e1 sea un partido tan especial como el que vivimos el fin de semana (ante Colo Colo)\u00bb, se\u00f1al\u00f3.<\/p>\n<p>Los azules arribar\u00e1n a Guayaquil para realizar sus pr\u00e1cticas y s\u00f3lo el d\u00eda del partido viajar\u00e1n a Quito. La \u00fanica duda en la formaci\u00f3n es qui\u00e9n jugar\u00e1 como puntero izquierdo. Los candidatos son Felipe Gallegos y Francisco Castro. No viajaron por lesi\u00f3n Albert Acevedo y Emilio Hern\u00e1ndez, mientras que Pedro Morales qued\u00f3 fuera por decisi\u00f3n t\u00e9cnica.<\/p>\n","protected":false},"excerpt":{"rendered":"<p>Los azules se embarcaron con rumbo a Ecuador para enfrentar a Deportivo Quito. Jhonny Herrera se refiri\u00f3 a las palabras del t\u00e9cnico quite\u00f1o, Carlos Ischia.<\/p>\n","protected":false},"author":1,"featured_media":4484,"comment_status":"open","ping_status":"open","sticky":false,"template":"","format":"standard","meta":{"footnotes":""},"categories":[18],"tags":[454,95],"class_list":{"0":"post-2877","1":"post","2":"type-post","3":"status-publish","4":"format-standard","5":"has-post-thumbnail","7":"category-actualidad","8":"tag-actualidad","9":"tag-copa-libertadores-2012"},"_links":{"self":[{"href":"http:\/\/www.rincondelbulla.cl\/portal\/wp-json\/wp\/v2\/posts\/2877","targetHints":{"allow":["GET"]}}],"collection":[{"href":"http:\/\/www.rincondelbulla.cl\/portal\/wp-json\/wp\/v2\/posts"}],"about":[{"href":"http:\/\/www.rincondelbulla.cl\/portal\/wp-json\/wp\/v2\/types\/post"}],"author":[{"embeddable":true,"href":"http:\/\/www.rincondelbulla.cl\/portal\/wp-json\/wp\/v2\/users\/1"}],"replies":[{"embeddable":true,"href":"http:\/\/www.rincondelbulla.cl\/portal\/wp-json\/wp\/v2\/comments?post=2877"}],"version-history":[{"count":0,"href":"http:\/\/www.rincondelbulla.cl\/portal\/wp-json\/wp\/v2\/posts\/2877\/revisions"}],"wp:featuredmedia":[{"embeddable":true,"href":"http:\/\/www.rincondelbulla.cl\/portal\/wp-json\/wp\/v2\/media\/4484"}],"wp:attachment":[{"href":"http:\/\/www.rincondelbulla.cl\/portal\/wp-json\/wp\/v2\/media?parent=2877"}],"wp:term":[{"taxonomy":"category","embeddable":true,"href":"http:\/\/www.rincondelbulla.cl\/portal\/wp-json\/wp\/v2\/categories?post=2877"},{"taxonomy":"post_tag","embeddable":true,"href":"http:\/\/www.rincondelbulla.cl\/portal\/wp-json\/wp\/v2\/tags?post=2877"}],"curies":[{"name":"wp","href":"https:\/\/api.w.org\/{rel}","templated":true}]}}