{"id":2882,"date":"2012-05-03T10:16:18","date_gmt":"2012-05-03T10:16:18","guid":{"rendered":"http:\/\/www.rincondelbulla.cl\/portal\/?p=2882"},"modified":"2012-05-03T10:16:18","modified_gmt":"2012-05-03T10:16:18","slug":"clausula-de-salida-frena-compra-de-rodriguez","status":"publish","type":"post","link":"http:\/\/www.rincondelbulla.cl\/portal\/2012\/05\/03\/clausula-de-salida-frena-compra-de-rodriguez\/","title":{"rendered":"Cl\u00e1usula de salida frena compra de Rodr\u00edguez"},"content":{"rendered":"<figure id=\"attachment_4489\" aria-describedby=\"caption-attachment-4489\" style=\"width: 700px\" class=\"wp-caption alignnone\"><img loading=\"lazy\" decoding=\"async\" class=\" size-full wp-image-4489\" src=\"http:\/\/www.rincondelbulla.cl\/portal\/wp-content\/uploads\/2012\/05\/9f7d409dff686d15d6aec4c50a9e8ef5.jpg\" alt=\"Foto: Patricio Gonz\u00e1lez\" class=\"caption\" title=\"Rodr\u00edguez tendr\u00e1 un contrato hasta 2016 si sellan acuerdo\" width=\"700\" height=\"396\" srcset=\"http:\/\/www.rincondelbulla.cl\/portal\/wp-content\/uploads\/2012\/05\/9f7d409dff686d15d6aec4c50a9e8ef5.jpg 700w, http:\/\/www.rincondelbulla.cl\/portal\/wp-content\/uploads\/2012\/05\/9f7d409dff686d15d6aec4c50a9e8ef5-300x170.jpg 300w, http:\/\/www.rincondelbulla.cl\/portal\/wp-content\/uploads\/2012\/05\/9f7d409dff686d15d6aec4c50a9e8ef5-696x394.jpg 696w\" sizes=\"auto, (max-width: 700px) 100vw, 700px\" \/><figcaption id=\"caption-attachment-4489\" class=\"wp-caption-text\">Rodr\u00edguez tendr\u00e1 un contrato hasta 2016 si sellan acuerdo<\/figcaption><\/figure>\n<p><strong>La cl\u00e1usula que quiere la \u201cU\u201d en el nuevo contrato del volante bordea los US$ 5 millones. El \u201cMati\u201d y su gente quieren rebajar esa cifra.<\/strong> <!--more--> Mat\u00edas Rodr\u00edguez est\u00e1 muy tranquilo con su excelente presente futbol\u00edstico. Esto tiene a la figura en los ojos de Azul Azul, del DT estudiantil Jorge Sampaoli, de clubes europeos y tambi\u00e9n en los del seleccionador argentino Alejandro Sabella.<\/p>\n<p>Sin embargo, el \u201cMati\u201d no se nubla y sigue enfocado en lograr el anhelo de todos en Universidad de Chile: ganar la Copa Libertadores.<\/p>\n<p>\u201cUno trabaja para esto, para jugar en la elite del f\u00fatbol y la Libertadores lo es en esta parte del mundo&#8230; Yo estoy tranquilo y muy c\u00f3modo en la \u2018U\u2019, veremos qu\u00e9 pasa con el tema de la negociaci\u00f3n por mi pase\u201d, dec\u00eda Rodr\u00edguez antes de jugar hoy contra Deportivo Quito, por los octavos de final.<\/p>\n<p>Y mientras esperaba el entrenamiento de ayer en Guayaquil, tuvo tiempo para reunirse en el lobby del hotel Hilton con Jos\u00e9 Yuraszeck, presidente de Azul Azul, instancia donde conversaron varios asuntos. Si bien no era el momento para sacar la atenci\u00f3n del jugador del vital partido, se aclar\u00f3 la intenci\u00f3n de ambas partes de querer \u201cperpetuar\u201d sus servicios en el equipo multicampe\u00f3n. Tanto as\u00ed, que el volante es una de las prioridades para Sampaoli.<\/p>\n<p>En este contexto, la semana pasada los agentes del polifuncional jugador viajaron a Santiago para negociar con Azul Azul el cierre de la compra de todo el pase por parte del club. La \u201cU\u201d, due\u00f1a del 50% de la carta, negocia adquirir la otra mitad, operaci\u00f3n que se vio frenada por el millonario precio que se estipul\u00f3 en la cl\u00e1usula de salida que considera el nuevo contrato por cuatro a\u00f1os m\u00e1s que tienen listo para el jugador.<\/p>\n<p><strong>El pasaporte comunitario<\/strong><\/p>\n<p>El club, amparado en el alt\u00edsimo desembolso que implicar\u00e1 comprar el restante 50% del pase (m\u00e1s de US$ 2,4 millones), aboga porque la cl\u00e1usula de salida bordee los US$ 5 millones, monto que fue rechazado por el entorno de Rodr\u00edguez. En ese sentido, se ha argumentado que para cerrar el negocio se deb\u00eda rebajar tal cifra, pues ser\u00eda demasiado alta para un futbolista que carece de pasaporte comunitario.<\/p>\n<p>\u201cYo estoy feliz en la \u2018U\u2019 y estamos muy cerca de renovar. El v\u00ednculo ser\u00eda por cuatro a\u00f1os m\u00e1s y, como sucede en estos casos, con cl\u00e1usula de salida\u201d, asever\u00f3 recientemente el jugador, quien termina contrato a fin de a\u00f1o, pero que a mitad del mismo puede comenzar a negociar en forma independiente, escenario que la \u201cU\u201d busca evitar para asegurar su inversi\u00f3n y una m\u00e1s que posible pr\u00f3xima venta del volante al exterior.<\/p>\n<p>En Azul Azul conf\u00edan en cerrar la compra total de Rodr\u00edguez, anticip\u00e1ndose al inter\u00e9s de clubes como Benfica, Parma o Twente, aunque para ello deber\u00e1n rebajar la millonaria cl\u00e1usula de salida.<\/p>\n","protected":false},"excerpt":{"rendered":"<p>La cl\u00e1usula que quiere la \u201cU\u201d en el nuevo contrato del volante bordea los US$ 5 millones. El \u201cMati\u201d y su gente quieren rebajar esa cifra.<\/p>\n","protected":false},"author":1,"featured_media":4489,"comment_status":"open","ping_status":"open","sticky":false,"template":"","format":"standard","meta":{"footnotes":""},"categories":[18],"tags":[454,65],"class_list":{"0":"post-2882","1":"post","2":"type-post","3":"status-publish","4":"format-standard","5":"has-post-thumbnail","7":"category-actualidad","8":"tag-actualidad","9":"tag-matias-rodriguez"},"_links":{"self":[{"href":"http:\/\/www.rincondelbulla.cl\/portal\/wp-json\/wp\/v2\/posts\/2882","targetHints":{"allow":["GET"]}}],"collection":[{"href":"http:\/\/www.rincondelbulla.cl\/portal\/wp-json\/wp\/v2\/posts"}],"about":[{"href":"http:\/\/www.rincondelbulla.cl\/portal\/wp-json\/wp\/v2\/types\/post"}],"author":[{"embeddable":true,"href":"http:\/\/www.rincondelbulla.cl\/portal\/wp-json\/wp\/v2\/users\/1"}],"replies":[{"embeddable":true,"href":"http:\/\/www.rincondelbulla.cl\/portal\/wp-json\/wp\/v2\/comments?post=2882"}],"version-history":[{"count":0,"href":"http:\/\/www.rincondelbulla.cl\/portal\/wp-json\/wp\/v2\/posts\/2882\/revisions"}],"wp:featuredmedia":[{"embeddable":true,"href":"http:\/\/www.rincondelbulla.cl\/portal\/wp-json\/wp\/v2\/media\/4489"}],"wp:attachment":[{"href":"http:\/\/www.rincondelbulla.cl\/portal\/wp-json\/wp\/v2\/media?parent=2882"}],"wp:term":[{"taxonomy":"category","embeddable":true,"href":"http:\/\/www.rincondelbulla.cl\/portal\/wp-json\/wp\/v2\/categories?post=2882"},{"taxonomy":"post_tag","embeddable":true,"href":"http:\/\/www.rincondelbulla.cl\/portal\/wp-json\/wp\/v2\/tags?post=2882"}],"curies":[{"name":"wp","href":"https:\/\/api.w.org\/{rel}","templated":true}]}}