{"id":2900,"date":"2012-05-10T12:14:55","date_gmt":"2012-05-10T12:14:55","guid":{"rendered":"http:\/\/www.rincondelbulla.cl\/portal\/?p=2900"},"modified":"2012-05-10T12:14:55","modified_gmt":"2012-05-10T12:14:55","slug":"se-puede","status":"publish","type":"post","link":"http:\/\/www.rincondelbulla.cl\/portal\/2012\/05\/10\/se-puede\/","title":{"rendered":"\u00bfSe puede?"},"content":{"rendered":"<p><img loading=\"lazy\" decoding=\"async\" class=\" size-full wp-image-4507\" src=\"http:\/\/www.rincondelbulla.cl\/portal\/wp-content\/uploads\/2012\/05\/bd3eebf32e04c907d6d9fc42f4213df5.jpg\" alt=\"\" width=\"700\" height=\"396\" srcset=\"http:\/\/www.rincondelbulla.cl\/portal\/wp-content\/uploads\/2012\/05\/bd3eebf32e04c907d6d9fc42f4213df5.jpg 700w, http:\/\/www.rincondelbulla.cl\/portal\/wp-content\/uploads\/2012\/05\/bd3eebf32e04c907d6d9fc42f4213df5-300x170.jpg 300w, http:\/\/www.rincondelbulla.cl\/portal\/wp-content\/uploads\/2012\/05\/bd3eebf32e04c907d6d9fc42f4213df5-696x394.jpg 696w\" sizes=\"auto, (max-width: 700px) 100vw, 700px\" \/><\/p>\n<p><strong>La abultada y clara derrota en el partido de ida frente a Deportivo Quito fue inesperada y a la vez marc\u00f3 casi una sentencia en la llave\u2026 O al menos eso parece. Desde la l\u00f3gica y no la pasi\u00f3n, \u00bfse puede revertir la situaci\u00f3n o es un mero sue\u00f1o?<\/strong> <!--more--> La Universidad de Chile se hab\u00eda acostumbrado a ganar en torneos internacionales desde la llegada de Jorge Sampaoli. Mejor a\u00fan, se hab\u00eda acostumbrado a ganar como visita, conducta que se volvi\u00f3 un patr\u00f3n de la campa\u00f1a de la Copa Sudamericana 2011, no as\u00ed en la Copa Libertadores del presente a\u00f1o, en donde los azules s\u00f3lo han ganado como forasteros a Godoy Cruz, siendo los otros resultados dos derrotas y un empate.<\/p>\n<p>Ahora bien, inmediatamente despu\u00e9s de la paliza en Ecuador comenzaron a salir las arengas del hincha que, confiadamente, afirmaba que la llave se puede revertir. Ya en el d\u00eda del trascendental duelo es apropiado preguntarse: \u00bfSe puede dar vuelta? Pero ojo, saqu\u00e9monos la camiseta un rato y hagamos un an\u00e1lisis futbol\u00edstico maduro, ese que a muchos les molesta porque no siempre dice lo que quieren escuchar\/leer.<\/p>\n<p>Veamos: \u00bfCu\u00e1nto anota de local la U en esta Libertadores? En esta edici\u00f3n del certamen continental los azules han marcado 9 tantos en tres partidos de local (5 a Godoy Cruz, 2 a Pe\u00f1arol, 2 a Atl\u00e9tico Nacional) lo que da un promedio de 3 goles por partido \u00bfY cu\u00e1nto recibe? 1 por duelo.<\/p>\n<p>En el plano local la U se erige como el equipo que m\u00e1s ha marcado, con 39 goles en 15 partidos jugados, lo que demuestra que, por lo menos estad\u00edsticamente, la U sabe hacer varios goles.<\/p>\n<p>Por otra parte \u00bfha mostrado un buen f\u00fatbol de local en la Libertadores? Poco. A excepci\u00f3n del partido con Godoy Cruz, la U ha carecido de claridad frente al arco rival y ha ca\u00eddo en lagunas que le han permitido a sus rivales llevarse el protagonismo durante un rato e incluso anotar.<\/p>\n<p>\u00bfY si hablamos del rival? Deportivo Quito no ha podido ganar como visitante en la presente edici\u00f3n de la Copa, empatando una vez y perdiendo dos. Dato curioso: en dos de sus tres salidas no ha marcado y s\u00f3lo ha ca\u00eddo por diferencia m\u00e1xima de dos tantos en condici\u00f3n de forastero.<\/p>\n<p>En s\u00edntesis, los n\u00fameros indican que la tarea para la U esta noche en el Nacional es casi imposible. Lo bueno es que los n\u00fameros tambi\u00e9n dec\u00edan el a\u00f1o pasado que la U jam\u00e1s hab\u00eda ganado en Brasil, Ecuador, Argentina, etc.<\/p>\n<p>Queda la sensaci\u00f3n de que la U tiene un fondo futbol\u00edstico menos aplastante que el a\u00f1o pasado, y de hecho, a nivel internacional los n\u00fameros lo demuestran. Sin embargo cuenta con armas para lograr una haza\u00f1a que ya logr\u00f3 en el torneo nacional, cuando necesitaba vencer por 3 goles de diferencia a la Cat\u00f3lica (s\u00ed, por 3, porque con 2 de diferencia s\u00f3lo igualaba el global y eran campeones los cruzados)<\/p>\n<p>Los n\u00fameros y la l\u00f3gica dicen una cosa, pero el clich\u00e9 de \u201cen el f\u00fatbol nada se sabe\u201d me parece aplicable esta vez. Y al que lo dude, que le pregunte al Barcelona o al Madrid que ver\u00e1n la final de la Champions por tv.<\/p>\n","protected":false},"excerpt":{"rendered":"<p>La abultada y clara derrota en el partido de ida frente a Deportivo Quito fue inesperada y a la vez marc\u00f3 casi una sentencia en la llave\u2026 O al menos eso parece. Desde la l\u00f3gica y no la pasi\u00f3n, \u00bfse puede revertir la situaci\u00f3n o es un mero sue\u00f1o?<\/p>\n","protected":false},"author":54,"featured_media":4507,"comment_status":"open","ping_status":"open","sticky":false,"template":"","format":"standard","meta":{"footnotes":""},"categories":[18],"tags":[454,95,36],"class_list":{"0":"post-2900","1":"post","2":"type-post","3":"status-publish","4":"format-standard","5":"has-post-thumbnail","7":"category-actualidad","8":"tag-actualidad","9":"tag-copa-libertadores-2012","10":"tag-opinion"},"_links":{"self":[{"href":"http:\/\/www.rincondelbulla.cl\/portal\/wp-json\/wp\/v2\/posts\/2900","targetHints":{"allow":["GET"]}}],"collection":[{"href":"http:\/\/www.rincondelbulla.cl\/portal\/wp-json\/wp\/v2\/posts"}],"about":[{"href":"http:\/\/www.rincondelbulla.cl\/portal\/wp-json\/wp\/v2\/types\/post"}],"author":[{"embeddable":true,"href":"http:\/\/www.rincondelbulla.cl\/portal\/wp-json\/wp\/v2\/users\/54"}],"replies":[{"embeddable":true,"href":"http:\/\/www.rincondelbulla.cl\/portal\/wp-json\/wp\/v2\/comments?post=2900"}],"version-history":[{"count":0,"href":"http:\/\/www.rincondelbulla.cl\/portal\/wp-json\/wp\/v2\/posts\/2900\/revisions"}],"wp:featuredmedia":[{"embeddable":true,"href":"http:\/\/www.rincondelbulla.cl\/portal\/wp-json\/wp\/v2\/media\/4507"}],"wp:attachment":[{"href":"http:\/\/www.rincondelbulla.cl\/portal\/wp-json\/wp\/v2\/media?parent=2900"}],"wp:term":[{"taxonomy":"category","embeddable":true,"href":"http:\/\/www.rincondelbulla.cl\/portal\/wp-json\/wp\/v2\/categories?post=2900"},{"taxonomy":"post_tag","embeddable":true,"href":"http:\/\/www.rincondelbulla.cl\/portal\/wp-json\/wp\/v2\/tags?post=2900"}],"curies":[{"name":"wp","href":"https:\/\/api.w.org\/{rel}","templated":true}]}}