{"id":2901,"date":"2012-05-11T03:12:53","date_gmt":"2012-05-11T03:12:53","guid":{"rendered":"http:\/\/www.rincondelbulla.cl\/portal\/?p=2901"},"modified":"2012-05-11T03:12:53","modified_gmt":"2012-05-11T03:12:53","slug":"hazana-historica-nuevamente-la-u-dio-vuelta-un-resultado-de-forma-impresionante","status":"publish","type":"post","link":"http:\/\/www.rincondelbulla.cl\/portal\/2012\/05\/11\/hazana-historica-nuevamente-la-u-dio-vuelta-un-resultado-de-forma-impresionante\/","title":{"rendered":"HAZA\u00d1A HIST\u00d3RICA: Nuevamente la \u201cU\u201d dio vuelta un resultado de forma impresionante"},"content":{"rendered":"<figure id=\"attachment_4508\" aria-describedby=\"caption-attachment-4508\" style=\"width: 700px\" class=\"wp-caption alignnone\"><img loading=\"lazy\" decoding=\"async\" class=\" size-full wp-image-4508\" src=\"http:\/\/www.rincondelbulla.cl\/portal\/wp-content\/uploads\/2012\/05\/c925b42be0bb1a72b320fe10c797fed2.jpg\" alt=\"Foto: Patricio Gonz\u00e1lez\" class=\"caption\" title=\"Azules se abrazan en la hist\u00f3rica haza\u00f1a de la \u2018U\u2019\" width=\"700\" height=\"396\" srcset=\"http:\/\/www.rincondelbulla.cl\/portal\/wp-content\/uploads\/2012\/05\/c925b42be0bb1a72b320fe10c797fed2.jpg 700w, http:\/\/www.rincondelbulla.cl\/portal\/wp-content\/uploads\/2012\/05\/c925b42be0bb1a72b320fe10c797fed2-300x170.jpg 300w, http:\/\/www.rincondelbulla.cl\/portal\/wp-content\/uploads\/2012\/05\/c925b42be0bb1a72b320fe10c797fed2-696x394.jpg 696w\" sizes=\"auto, (max-width: 700px) 100vw, 700px\" \/><figcaption id=\"caption-attachment-4508\" class=\"wp-caption-text\">Azules se abrazan en la hist\u00f3rica haza\u00f1a de la \u2018U\u2019<\/figcaption><\/figure>\n<p><strong>Los azules dieron una clase de f\u00fatbol, temperamento y madurez.<\/strong> <!--more--> Con goles de Junio Fern\u00e1ndes a los 21\u2019 y 28\u2019; Marcelo D\u00edaz a los 36\u2019; Mena a los 57\u2019 y Henr\u00edquez a los 71\u2019 y 74\u2019. La \u201cU\u201d dio vuelta la llave por octavos de final de la Copa Libertadores 2012.<\/p>\n<p>Mucho se hab\u00eda hablado de lo dif\u00edcil que era dar vuelta el 4-1 que hab\u00eda conseguido Deportivo Quito en la altura de la capital ecuatoriana. Sin embargo a este equipo parece que entre m\u00e1s golpes le dan m\u00e1s se levanta y resulta victorioso de todas sus batallas.<\/p>\n<p>Con el resultado obtenido el cuadro de Jorge Sampoli confirma, nuevamente, su favoritismo para ganar el torneo subcontinental.<\/p>\n<p>En cuartos de final el Cuadro M\u00e1gico se medir\u00e1 con Libertad de Paraguay quienes eliminaron en su llave al Cruz Azul mexicano.<\/p>\n<div class=\"k2_video\">\n<div class=\"k2_video_caption\">Compacto U. de Chile (6) vs. (0) D. Quito<\/div>\n<p> {youtube}DjrbP5dX2kI{\/youtube}<\/p>\n<div class=\"k2_video_credits\">Video: Fox Sport<\/div>\n<\/p><\/div>\n","protected":false},"excerpt":{"rendered":"<p>Los azules dieron una clase de f\u00fatbol, temperamento y madurez.<\/p>\n","protected":false},"author":63,"featured_media":4508,"comment_status":"open","ping_status":"open","sticky":false,"template":"","format":"standard","meta":{"footnotes":""},"categories":[18],"tags":[454,95],"class_list":{"0":"post-2901","1":"post","2":"type-post","3":"status-publish","4":"format-standard","5":"has-post-thumbnail","7":"category-actualidad","8":"tag-actualidad","9":"tag-copa-libertadores-2012"},"_links":{"self":[{"href":"http:\/\/www.rincondelbulla.cl\/portal\/wp-json\/wp\/v2\/posts\/2901","targetHints":{"allow":["GET"]}}],"collection":[{"href":"http:\/\/www.rincondelbulla.cl\/portal\/wp-json\/wp\/v2\/posts"}],"about":[{"href":"http:\/\/www.rincondelbulla.cl\/portal\/wp-json\/wp\/v2\/types\/post"}],"author":[{"embeddable":true,"href":"http:\/\/www.rincondelbulla.cl\/portal\/wp-json\/wp\/v2\/users\/63"}],"replies":[{"embeddable":true,"href":"http:\/\/www.rincondelbulla.cl\/portal\/wp-json\/wp\/v2\/comments?post=2901"}],"version-history":[{"count":0,"href":"http:\/\/www.rincondelbulla.cl\/portal\/wp-json\/wp\/v2\/posts\/2901\/revisions"}],"wp:featuredmedia":[{"embeddable":true,"href":"http:\/\/www.rincondelbulla.cl\/portal\/wp-json\/wp\/v2\/media\/4508"}],"wp:attachment":[{"href":"http:\/\/www.rincondelbulla.cl\/portal\/wp-json\/wp\/v2\/media?parent=2901"}],"wp:term":[{"taxonomy":"category","embeddable":true,"href":"http:\/\/www.rincondelbulla.cl\/portal\/wp-json\/wp\/v2\/categories?post=2901"},{"taxonomy":"post_tag","embeddable":true,"href":"http:\/\/www.rincondelbulla.cl\/portal\/wp-json\/wp\/v2\/tags?post=2901"}],"curies":[{"name":"wp","href":"https:\/\/api.w.org\/{rel}","templated":true}]}}