{"id":2902,"date":"2012-05-11T03:41:20","date_gmt":"2012-05-11T03:41:20","guid":{"rendered":"http:\/\/www.rincondelbulla.cl\/portal\/?p=2902"},"modified":"2012-05-11T03:41:20","modified_gmt":"2012-05-11T03:41:20","slug":"marca-personal-vs-deportivo-quito-2","status":"publish","type":"post","link":"http:\/\/www.rincondelbulla.cl\/portal\/2012\/05\/11\/marca-personal-vs-deportivo-quito-2\/","title":{"rendered":"Marca Personal vs. Deportivo Quito"},"content":{"rendered":"<figure id=\"attachment_4509\" aria-describedby=\"caption-attachment-4509\" style=\"width: 700px\" class=\"wp-caption alignnone\"><img loading=\"lazy\" decoding=\"async\" class=\" size-full wp-image-4509\" src=\"http:\/\/www.rincondelbulla.cl\/portal\/wp-content\/uploads\/2012\/05\/9d8de7ef67b13c9c52fcfb74767a1564.jpg\" alt=\"Foto: Patricio Gonz\u00e1lez\" class=\"caption\" title=\"Eugenio Mena anot\u00f3 en la remontada azul\" width=\"700\" height=\"396\" srcset=\"http:\/\/www.rincondelbulla.cl\/portal\/wp-content\/uploads\/2012\/05\/9d8de7ef67b13c9c52fcfb74767a1564.jpg 700w, http:\/\/www.rincondelbulla.cl\/portal\/wp-content\/uploads\/2012\/05\/9d8de7ef67b13c9c52fcfb74767a1564-300x170.jpg 300w, http:\/\/www.rincondelbulla.cl\/portal\/wp-content\/uploads\/2012\/05\/9d8de7ef67b13c9c52fcfb74767a1564-696x394.jpg 696w\" sizes=\"auto, (max-width: 700px) 100vw, 700px\" \/><figcaption id=\"caption-attachment-4509\" class=\"wp-caption-text\">Eugenio Mena anot\u00f3 en la remontada azul<\/figcaption><\/figure>\n<p><strong>Los Azules fueron una aplanadora jugando de forma perfecta superaron al Deportivo Quito con autoridad. Este jueves, la \u201cU\u201d gan\u00f3, gust\u00f3 y gole\u00f3 al cuadro de Ecuador por 6-0 en un partido donde el Le\u00f3n sali\u00f3 con equipo titular en el Estadio Nacional. La misi\u00f3n&nbsp; no era f\u00e1cil, revertir el 4-1 de la Ida y lo hizo en el primer tiempo, pues ya estaba el Le\u00f3n 3-0 y con eso pasaban a los Cuartos de final. En el segundo tiempo, la \u201cU\u201d no se fue atr\u00e1s y sali\u00f3 a\u00fan con m\u00e1s peligro marcando otros 3 goles, dejando as\u00ed una goleada hist\u00f3rica 6-0. A continuaci\u00f3n, te presentamos el uno por uno en el <em>Rinc\u00f3n del Bulla<\/em>.<\/strong> <!--more--> <strong>Jhonny Herrera:<\/strong> S\u00f3lo en el minuto 86 tuvo una participaci\u00f3n y respondi\u00f3 Nota: 7.0<\/p>\n<p><strong>Mat\u00edas Rodr\u00edguez:<\/strong> Quiz\u00e1s no estuvo tan protagonista como en otros partidos, pero siempre hizo lo mismo, desbord\u00f3, atac\u00f3 y quit\u00f3 Nota: 7.0<\/p>\n<p><strong>Paulo Magalhaes:<\/strong> Tuvo un cabezazo que Elizaga sac\u00f3 de la l\u00ednea, impecable como stopper derecho Nota: 7.0<\/p>\n<p><strong>Jos\u00e9 Rojas:<\/strong> De central impecable impidiendo el escaso ataque del Quito, tuvo una amonestaci\u00f3n Nota: 7.0<\/p>\n<p><strong>Eugenio Mena:<\/strong> Incansable, goleador y colaborador en todo el partido Nota: 7.0<\/p>\n<p><strong>Marcelo D\u00edaz:<\/strong> Tiempista, autor de un gol y colaborativo en los otros tantos del Rom\u00e1ntico Viajero Nota: 7.0<\/p>\n<p><strong>Charles Ar\u00e1nguiz:<\/strong> Si D\u00edaz es el Ying, Charles es el Yang un complemento perfecto, quitando y generando el juego y con remates de gran peligr. Nota: 7.0<\/p>\n<p><strong>Gustavo Lorenzetti:<\/strong> Asistidor de los dos goles de Fernandes y busquilla en las jugadas Nota: 7.0<\/p>\n<p><strong>Guillermo Marino:<\/strong> Sali\u00f3 en el entretiempo pero quit\u00f3 pelotas y particip\u00f3 en muchas jugadas Nota: 6.8<\/p>\n<p><strong>\u00c1ngelo Henr\u00edquez:<\/strong> Lo busc\u00f3 y le sali\u00f3 el quinto y sexto gol. Participativo, corredor y goleador. Sali\u00f3 con calambres al minuto 81 Nota: 7.0<\/p>\n<p><strong>Junior Fernandes:<\/strong> Anot\u00f3 un doblete y estuvo muy movedizo cumpli\u00f3 con todo Nota: 7.0<\/p>\n<p><strong>SUSTITUCIONES<\/strong><\/p>\n<p><strong>Sebasti\u00e1n Mart\u00ednez:<\/strong> Ingres\u00f3 por Marino y cumpli\u00f3 su misma funci\u00f3n a cabalidad, pero m\u00e1s que atacar, defendi\u00f3 con gran actitud Nota: 6.5<\/p>\n<p><strong>Ra\u00fal Ruid\u00edaz:<\/strong> Tuvo diez minutos y tambi\u00e9n cre\u00f3 peligro, el peruano entr\u00f3 con una sonrisa y queriendo seguir en el conjunto laico. Nota: 6.5<\/p>\n<p><strong>Francisco Castro:<\/strong> En tres minutos no pudo hacer nada, s\u00f3lo disfrutar el partido en cancha Nota: 6.0<\/p>\n","protected":false},"excerpt":{"rendered":"<p>Los Azules fueron una aplanadora jugando de forma perfecta superaron al Deportivo Quito con autoridad. Este jueves, la \u201cU\u201d gan\u00f3, gust\u00f3 y gole\u00f3 al cuadro de Ecuador por 6-0 en un partido donde el Le\u00f3n sali\u00f3 con equipo titular en el Estadio Nacional. La misi\u00f3n&nbsp; no era f\u00e1cil, revertir el 4-1 de la Ida y [&#8230;]<\/p>\n","protected":false},"author":60,"featured_media":4509,"comment_status":"open","ping_status":"open","sticky":false,"template":"","format":"standard","meta":{"footnotes":""},"categories":[18],"tags":[454,95,43],"class_list":{"0":"post-2902","1":"post","2":"type-post","3":"status-publish","4":"format-standard","5":"has-post-thumbnail","7":"category-actualidad","8":"tag-actualidad","9":"tag-copa-libertadores-2012","10":"tag-marca-personal"},"_links":{"self":[{"href":"http:\/\/www.rincondelbulla.cl\/portal\/wp-json\/wp\/v2\/posts\/2902","targetHints":{"allow":["GET"]}}],"collection":[{"href":"http:\/\/www.rincondelbulla.cl\/portal\/wp-json\/wp\/v2\/posts"}],"about":[{"href":"http:\/\/www.rincondelbulla.cl\/portal\/wp-json\/wp\/v2\/types\/post"}],"author":[{"embeddable":true,"href":"http:\/\/www.rincondelbulla.cl\/portal\/wp-json\/wp\/v2\/users\/60"}],"replies":[{"embeddable":true,"href":"http:\/\/www.rincondelbulla.cl\/portal\/wp-json\/wp\/v2\/comments?post=2902"}],"version-history":[{"count":0,"href":"http:\/\/www.rincondelbulla.cl\/portal\/wp-json\/wp\/v2\/posts\/2902\/revisions"}],"wp:featuredmedia":[{"embeddable":true,"href":"http:\/\/www.rincondelbulla.cl\/portal\/wp-json\/wp\/v2\/media\/4509"}],"wp:attachment":[{"href":"http:\/\/www.rincondelbulla.cl\/portal\/wp-json\/wp\/v2\/media?parent=2902"}],"wp:term":[{"taxonomy":"category","embeddable":true,"href":"http:\/\/www.rincondelbulla.cl\/portal\/wp-json\/wp\/v2\/categories?post=2902"},{"taxonomy":"post_tag","embeddable":true,"href":"http:\/\/www.rincondelbulla.cl\/portal\/wp-json\/wp\/v2\/tags?post=2902"}],"curies":[{"name":"wp","href":"https:\/\/api.w.org\/{rel}","templated":true}]}}