{"id":2903,"date":"2012-05-11T04:12:39","date_gmt":"2012-05-11T04:12:39","guid":{"rendered":"http:\/\/www.rincondelbulla.cl\/portal\/?p=2903"},"modified":"2012-05-11T04:12:39","modified_gmt":"2012-05-11T04:12:39","slug":"jorge-sampaoli-este-partido-nos-ilusiona-mucho","status":"publish","type":"post","link":"http:\/\/www.rincondelbulla.cl\/portal\/2012\/05\/11\/jorge-sampaoli-este-partido-nos-ilusiona-mucho\/","title":{"rendered":"Jorge Sampaoli: \u00abEste partido nos ilusiona mucho\u00bb"},"content":{"rendered":"<figure id=\"attachment_4510\" aria-describedby=\"caption-attachment-4510\" style=\"width: 700px\" class=\"wp-caption alignnone\"><img loading=\"lazy\" decoding=\"async\" class=\" size-full wp-image-4510\" src=\"http:\/\/www.rincondelbulla.cl\/portal\/wp-content\/uploads\/2012\/05\/6e0b5aa4570af4f5384b43e3adaffc03.jpg\" alt=\"Foto: Claudio C\u00e1ceres\" class=\"caption\" title=\"Hay que mantener la convicci\u00f3n y ser competitivos, dijo Sampaoli\" width=\"700\" height=\"396\" srcset=\"http:\/\/www.rincondelbulla.cl\/portal\/wp-content\/uploads\/2012\/05\/6e0b5aa4570af4f5384b43e3adaffc03.jpg 700w, http:\/\/www.rincondelbulla.cl\/portal\/wp-content\/uploads\/2012\/05\/6e0b5aa4570af4f5384b43e3adaffc03-300x170.jpg 300w, http:\/\/www.rincondelbulla.cl\/portal\/wp-content\/uploads\/2012\/05\/6e0b5aa4570af4f5384b43e3adaffc03-696x394.jpg 696w\" sizes=\"auto, (max-width: 700px) 100vw, 700px\" \/><figcaption id=\"caption-attachment-4510\" class=\"wp-caption-text\">Hay que mantener la convicci\u00f3n y ser competitivos, dijo Sampaoli<\/figcaption><\/figure>\n<p><strong>El entrenador de Universidad de Chile expres\u00f3 que fue uno de los mejores encuentros de sus dirigidos y sostuvo que \u00abfue un partido que nos sali\u00f3 a la perfecci\u00f3n\u00bb. Respecto al duelo de cuartos ante Libertad dijo que \u00abhay que mantener la convicci\u00f3n y ser competitivos\u00bb.<\/strong> <!--more--> Feliz estaba Jorge Sampaoli luego de la magn\u00edfica actuaci\u00f3n de sus dirigidos ante Deportivo Quito. Universidad de Chile clasific\u00f3 a cuartos de final de la Copa Libertadores con una contundente victoria por 6-0, ratificando el gran nivel que han mostrado en el torneo continental.<\/p>\n<p>El t\u00e9cnico de los azules mencion\u00f3 que \u00abhab\u00edan muchas condicionantes a favor para dar vuelta el resultado, siempre mantuvimos la ilusi\u00f3n de poder clasificar. Necesit\u00e1bamos variantes ofensivas y jugar mano a mano en la defensa. El partido nos sali\u00f3 a la perfecci\u00f3n\u00bb.<\/p>\n<p>El argentino agreg\u00f3 que \u00abeste partido nos ilusiona mucho. Ven\u00edamos de ganar el cl\u00e1sico 5-0, pero por la trascendencia de este partido fue m\u00e1s importante. El de Godoy Cruz que ganamos 5-1 ac\u00e1 tambi\u00e9n. Me parece que fue uno de los mejores partidos de este equipo\u00bb.<\/p>\n<p>El calvo estratega justific\u00f3 su confianza diciendo que \u00absab\u00edamos muy bien que el equipo tiene una caracter\u00edstica que nos permite ilusionarnos. M\u00e1s de 18 veces este equipo hizo tres goles. Hab\u00edan condicionantes a favor, hab\u00eda que refrescar que cuando tenemos la movilidad necesaria este equipo se hace muy peligroso\u00bb.<\/p>\n<p>Respecto a su pr\u00f3ximo rival, Libertad, Jorge Sampaoli explic\u00f3 que \u00abhay que mantener la convicci\u00f3n y tratar de mantenerse competitivo en un momento en el que quedan los mejores equipos\u00bb.<\/p>\n<p>Respecto a su futuro \u2013 suena en Brasil y Emiratos \u00c1rabes- se\u00f1al\u00f3 que \u00abno quiero pensar en eso, estamos enfocados en la UC y en la serie ante Libertad de Paraguay, dos rivales muy complicados\u201d.<\/p>\n<p>En tanto, Marcelo D\u00edaz, una de las figuras de la &#8216;U&#8217;, destac\u00f3 el rendimiento colectivo de su escuadra: \u00abEl mejor jugador es el equipo, siempre sacamos lo mejor en las situaciones adversas. La \u00fanica forma de dar vuelta la serie era atacar todo el partido. Estamos contentos por la gran actuaci\u00f3n que tuvimos\u00bb, dijo.<\/p>\n<p>Mientras que Junior Fernandes, autor de dos goles, manifest\u00f3 que \u00abest\u00e1bamos convencidos de que pod\u00edamos hacer m\u00e1s de tres goles, entramos a la cancha con esa mentalidad. Vamos paso a paso, esperamos seguir haciendo las cosas bien en la Copa\u00bb.<\/p>\n<p><strong>Fuente:<\/strong> Prensafutbol.cl<\/p>\n","protected":false},"excerpt":{"rendered":"<p>El entrenador de Universidad de Chile expres\u00f3 que fue uno de los mejores encuentros de sus dirigidos y sostuvo que \u00abfue un partido que nos sali\u00f3 a la perfecci\u00f3n\u00bb. Respecto al duelo de cuartos ante Libertad dijo que \u00abhay que mantener la convicci\u00f3n y ser competitivos\u00bb.<\/p>\n","protected":false},"author":1,"featured_media":4510,"comment_status":"open","ping_status":"open","sticky":false,"template":"","format":"standard","meta":{"footnotes":""},"categories":[18],"tags":[454,95,40],"class_list":{"0":"post-2903","1":"post","2":"type-post","3":"status-publish","4":"format-standard","5":"has-post-thumbnail","7":"category-actualidad","8":"tag-actualidad","9":"tag-copa-libertadores-2012","10":"tag-jorge-sampaoli"},"_links":{"self":[{"href":"http:\/\/www.rincondelbulla.cl\/portal\/wp-json\/wp\/v2\/posts\/2903","targetHints":{"allow":["GET"]}}],"collection":[{"href":"http:\/\/www.rincondelbulla.cl\/portal\/wp-json\/wp\/v2\/posts"}],"about":[{"href":"http:\/\/www.rincondelbulla.cl\/portal\/wp-json\/wp\/v2\/types\/post"}],"author":[{"embeddable":true,"href":"http:\/\/www.rincondelbulla.cl\/portal\/wp-json\/wp\/v2\/users\/1"}],"replies":[{"embeddable":true,"href":"http:\/\/www.rincondelbulla.cl\/portal\/wp-json\/wp\/v2\/comments?post=2903"}],"version-history":[{"count":0,"href":"http:\/\/www.rincondelbulla.cl\/portal\/wp-json\/wp\/v2\/posts\/2903\/revisions"}],"wp:featuredmedia":[{"embeddable":true,"href":"http:\/\/www.rincondelbulla.cl\/portal\/wp-json\/wp\/v2\/media\/4510"}],"wp:attachment":[{"href":"http:\/\/www.rincondelbulla.cl\/portal\/wp-json\/wp\/v2\/media?parent=2903"}],"wp:term":[{"taxonomy":"category","embeddable":true,"href":"http:\/\/www.rincondelbulla.cl\/portal\/wp-json\/wp\/v2\/categories?post=2903"},{"taxonomy":"post_tag","embeddable":true,"href":"http:\/\/www.rincondelbulla.cl\/portal\/wp-json\/wp\/v2\/tags?post=2903"}],"curies":[{"name":"wp","href":"https:\/\/api.w.org\/{rel}","templated":true}]}}