{"id":2904,"date":"2012-05-11T12:21:07","date_gmt":"2012-05-11T12:21:07","guid":{"rendered":"http:\/\/www.rincondelbulla.cl\/portal\/?p=2904"},"modified":"2012-05-11T12:21:07","modified_gmt":"2012-05-11T12:21:07","slug":"johnny-herrera-somos-el-equipo-mas-grande-de-chile-y-uno-de-los-mejores-del-mundo","status":"publish","type":"post","link":"http:\/\/www.rincondelbulla.cl\/portal\/2012\/05\/11\/johnny-herrera-somos-el-equipo-mas-grande-de-chile-y-uno-de-los-mejores-del-mundo\/","title":{"rendered":"Johnny Herrera: Somos el equipo m\u00e1s grande de Chile y uno de los mejores del mundo"},"content":{"rendered":"<figure id=\"attachment_4511\" aria-describedby=\"caption-attachment-4511\" style=\"width: 700px\" class=\"wp-caption alignnone\"><img loading=\"lazy\" decoding=\"async\" class=\" size-full wp-image-4511\" src=\"http:\/\/www.rincondelbulla.cl\/portal\/wp-content\/uploads\/2012\/05\/d8fc8a359accd7894dcbd989398acc9d.jpg\" alt=\"Foto: Getty Images\" class=\"caption\" title=\"Confes\u00f3 que siempre estuvieron convencidos de clasificar\" width=\"700\" height=\"396\" srcset=\"http:\/\/www.rincondelbulla.cl\/portal\/wp-content\/uploads\/2012\/05\/d8fc8a359accd7894dcbd989398acc9d.jpg 700w, http:\/\/www.rincondelbulla.cl\/portal\/wp-content\/uploads\/2012\/05\/d8fc8a359accd7894dcbd989398acc9d-300x170.jpg 300w, http:\/\/www.rincondelbulla.cl\/portal\/wp-content\/uploads\/2012\/05\/d8fc8a359accd7894dcbd989398acc9d-696x394.jpg 696w\" sizes=\"auto, (max-width: 700px) 100vw, 700px\" \/><figcaption id=\"caption-attachment-4511\" class=\"wp-caption-text\">Confes\u00f3 que siempre estuvieron convencidos de clasificar<\/figcaption><\/figure>\n<p><strong>El portero de la &#8216;U&#8217; expres\u00f3 que se han ganado un respeto en Sudam\u00e9rica. Confes\u00f3 que siempre estuvieron convencidos de clasificar a los cuartos de final de la Libertadores.<\/strong> <!--more--> El portero de Universidad de Chile, Johnny Herrera, en su habitual estilo de ser directo coment\u00f3 la holgada remontada de los universitarios en la Copa Libertadores que les permiti\u00f3 clasificar a los cuartos de final del torneo e indic\u00f3 que son el mejor equipo de Chile y uno de los mejores del mundo.<br \/>Somos los \u00faltimos campeones de Am\u00e9rica, nos ganamos un respeto en toda Sudam\u00e9rica y si ustedes no lo reconocen se pasar\u00edan de giles, pero esta Universidad de Chile ha dado que hablar en todo el mundo\u00bb, dijo Herrera.<\/p>\n<p>\u00abEsto es la U. No nos den nunca por muerto, somos el equipo m\u00e1s grande de Chile, uno de los m\u00e1s grande del mundo y siempre vamos a luchar\u00bb, agreg\u00f3.<\/p>\n<p>Analizando el extraordinario compromiso con el que superaron por 6-0 a Deportivo Quito el golero se\u00f1al\u00f3 que \u00abestamos bien\u00bb.<\/p>\n<p>\u00abSi bien es cierto que dimos un paso en falso en Quito, sab\u00edamos que lo pod\u00edamos revertir y nosotros nunca dejamos de creer en eso. Se nos dio un partido perfecto y estamos contentos\u00bb, a\u00f1adi\u00f3.<\/p>\n<p>\u00abIbamos a jugar en nuestra cancha, con nuestra gente, pelotas normales sin altura y por ende la fe estaba intacta. Ahora si pas\u00e1bamos o no, sab\u00edamos que \u00edbamos a estar muy cerca y se mostr\u00f3 la real Universidad de Chile\u00bb, a\u00f1adi\u00f3.<\/p>\n<p>Herrera confes\u00f3 que siempre estuvieron convencidos de seguir en competencia en el torneo internacional puesto que los universitarios en el Estadio Nacional son un equipo muy ofensivo.<\/p>\n<p>\u00abPara ustedes era una haza\u00f1a, pero para nosotros era lo m\u00e1s normal seguir en la Copa, por lo que hab\u00edamos mostrado y en Quito pecamos de confiado y logramos un resultado hist\u00f3rico\u00bb, concluy\u00f3 el portero.<\/p>\n<p><strong>Fuente:<\/strong> Cooperativa.cl<\/p>\n","protected":false},"excerpt":{"rendered":"<p>El portero de la &#8216;U&#8217; expres\u00f3 que se han ganado un respeto en Sudam\u00e9rica. Confes\u00f3 que siempre estuvieron convencidos de clasificar a los cuartos de final de la Libertadores.<\/p>\n","protected":false},"author":1,"featured_media":4511,"comment_status":"open","ping_status":"open","sticky":false,"template":"","format":"standard","meta":{"footnotes":""},"categories":[18],"tags":[454,95,41],"class_list":{"0":"post-2904","1":"post","2":"type-post","3":"status-publish","4":"format-standard","5":"has-post-thumbnail","7":"category-actualidad","8":"tag-actualidad","9":"tag-copa-libertadores-2012","10":"tag-johnny-herrera"},"_links":{"self":[{"href":"http:\/\/www.rincondelbulla.cl\/portal\/wp-json\/wp\/v2\/posts\/2904","targetHints":{"allow":["GET"]}}],"collection":[{"href":"http:\/\/www.rincondelbulla.cl\/portal\/wp-json\/wp\/v2\/posts"}],"about":[{"href":"http:\/\/www.rincondelbulla.cl\/portal\/wp-json\/wp\/v2\/types\/post"}],"author":[{"embeddable":true,"href":"http:\/\/www.rincondelbulla.cl\/portal\/wp-json\/wp\/v2\/users\/1"}],"replies":[{"embeddable":true,"href":"http:\/\/www.rincondelbulla.cl\/portal\/wp-json\/wp\/v2\/comments?post=2904"}],"version-history":[{"count":0,"href":"http:\/\/www.rincondelbulla.cl\/portal\/wp-json\/wp\/v2\/posts\/2904\/revisions"}],"wp:featuredmedia":[{"embeddable":true,"href":"http:\/\/www.rincondelbulla.cl\/portal\/wp-json\/wp\/v2\/media\/4511"}],"wp:attachment":[{"href":"http:\/\/www.rincondelbulla.cl\/portal\/wp-json\/wp\/v2\/media?parent=2904"}],"wp:term":[{"taxonomy":"category","embeddable":true,"href":"http:\/\/www.rincondelbulla.cl\/portal\/wp-json\/wp\/v2\/categories?post=2904"},{"taxonomy":"post_tag","embeddable":true,"href":"http:\/\/www.rincondelbulla.cl\/portal\/wp-json\/wp\/v2\/tags?post=2904"}],"curies":[{"name":"wp","href":"https:\/\/api.w.org\/{rel}","templated":true}]}}