{"id":2906,"date":"2012-05-11T12:27:24","date_gmt":"2012-05-11T12:27:24","guid":{"rendered":"http:\/\/www.rincondelbulla.cl\/portal\/?p=2906"},"modified":"2012-05-11T12:27:24","modified_gmt":"2012-05-11T12:27:24","slug":"jose-yuraszeck-sampaoli-no-debe-irse-y-le-vamos-a-dar-todas-las-facilidades","status":"publish","type":"post","link":"http:\/\/www.rincondelbulla.cl\/portal\/2012\/05\/11\/jose-yuraszeck-sampaoli-no-debe-irse-y-le-vamos-a-dar-todas-las-facilidades\/","title":{"rendered":"Jos\u00e9 Yuraszeck: \u00abSampaoli no debe irse y le vamos a dar todas las facilidades\u00bb"},"content":{"rendered":"<figure id=\"attachment_4513\" aria-describedby=\"caption-attachment-4513\" style=\"width: 700px\" class=\"wp-caption alignnone\"><img loading=\"lazy\" decoding=\"async\" class=\" size-full wp-image-4513\" src=\"http:\/\/www.rincondelbulla.cl\/portal\/wp-content\/uploads\/2012\/05\/df61c280cccd78ae56a1c3f0d1cf6db0.jpg\" alt=\"Foto: La Tercera\" class=\"caption\" title=\"El presidente de Azul Azul sostuvo que esperan seguir trabajando con el t\u00e9cnico\" width=\"700\" height=\"396\" srcset=\"http:\/\/www.rincondelbulla.cl\/portal\/wp-content\/uploads\/2012\/05\/df61c280cccd78ae56a1c3f0d1cf6db0.jpg 700w, http:\/\/www.rincondelbulla.cl\/portal\/wp-content\/uploads\/2012\/05\/df61c280cccd78ae56a1c3f0d1cf6db0-300x170.jpg 300w, http:\/\/www.rincondelbulla.cl\/portal\/wp-content\/uploads\/2012\/05\/df61c280cccd78ae56a1c3f0d1cf6db0-696x394.jpg 696w\" sizes=\"auto, (max-width: 700px) 100vw, 700px\" \/><figcaption id=\"caption-attachment-4513\" class=\"wp-caption-text\">El presidente de Azul Azul sostuvo que esperan seguir trabajando con el t\u00e9cnico<\/figcaption><\/figure>\n<p><strong>El presidente de Azul Azul sostuvo que esperan seguir trabajando con el t\u00e9cnico argentino. Expres\u00f3 que van a buscar ganar la Copa Libertadores y el tricampeonato.<\/strong> <!--more--> Jorge Sampaoli es uno de los t\u00e9cnicos m\u00e1s exitosos en la historia de Universidad de Chile y ante los constantes rumores de una posible partida de los azules el presidente del cuadro laico, Jos\u00e9 Yuraszeck, confes\u00f3 que le dar\u00e1n todas las facilidades al trasandino para que siga al mando del proyecto hist\u00f3rico.<\/p>\n<p>\u00abSampaoli no debe irse, es una gran persona, un tremendo jugador y le vamos a seguir dando las facilidades para que siga con este trabajo hist\u00f3rico\u00bb, dijo Yuraszceck a Cooperativa.cl.<\/p>\n<p>\u00abConverso todos los d\u00edas con Jorge (Sampaoli) y es normal que le lleguen ofertas a \u00e9l y a los jugadores y estamos seguros que podemos potenciar el equipo para el segundo semestre\u00bb, a\u00f1adi\u00f3.<\/p>\n<p>\u00abEl gran anhelo de la dirigencia de Azul Azul es ganar la Copa Libertadores\u00bb, se\u00f1al\u00f3 el mandam\u00e1s.<\/p>\n<p>Al realizar un an\u00e1lisis del hist\u00f3rico triunfo ante Deportivo Quito expres\u00f3 que \u00abestamos muy contentos, es un triunfo hist\u00f3ricos, pocos equipos chilenos son capaces de lo que hizo la U de revertir un 4-1 en los octavos de final de Copa Libertadores y creo que los ecuatorianos no se dieron cuenta de lo que le estaba pasando\u00bb.<\/p>\n<p>\u00abPens\u00e9 que \u00edbamos a ganar y clasificar, que ser\u00eda m\u00e1s apretado, pero terminar el primer tiempo por 3-0 fue algo maravilloso\u00bb, finaliz\u00f3.<\/p>\n<p><strong>Fuente:<\/strong> Coopertiva.cl<\/p>\n","protected":false},"excerpt":{"rendered":"<p>El presidente de Azul Azul sostuvo que esperan seguir trabajando con el t\u00e9cnico argentino. Expres\u00f3 que van a buscar ganar la Copa Libertadores y el tricampeonato.<\/p>\n","protected":false},"author":1,"featured_media":4513,"comment_status":"open","ping_status":"open","sticky":false,"template":"","format":"standard","meta":{"footnotes":""},"categories":[18],"tags":[454,95,64],"class_list":{"0":"post-2906","1":"post","2":"type-post","3":"status-publish","4":"format-standard","5":"has-post-thumbnail","7":"category-actualidad","8":"tag-actualidad","9":"tag-copa-libertadores-2012","10":"tag-jose-yuraszeck"},"_links":{"self":[{"href":"http:\/\/www.rincondelbulla.cl\/portal\/wp-json\/wp\/v2\/posts\/2906","targetHints":{"allow":["GET"]}}],"collection":[{"href":"http:\/\/www.rincondelbulla.cl\/portal\/wp-json\/wp\/v2\/posts"}],"about":[{"href":"http:\/\/www.rincondelbulla.cl\/portal\/wp-json\/wp\/v2\/types\/post"}],"author":[{"embeddable":true,"href":"http:\/\/www.rincondelbulla.cl\/portal\/wp-json\/wp\/v2\/users\/1"}],"replies":[{"embeddable":true,"href":"http:\/\/www.rincondelbulla.cl\/portal\/wp-json\/wp\/v2\/comments?post=2906"}],"version-history":[{"count":0,"href":"http:\/\/www.rincondelbulla.cl\/portal\/wp-json\/wp\/v2\/posts\/2906\/revisions"}],"wp:featuredmedia":[{"embeddable":true,"href":"http:\/\/www.rincondelbulla.cl\/portal\/wp-json\/wp\/v2\/media\/4513"}],"wp:attachment":[{"href":"http:\/\/www.rincondelbulla.cl\/portal\/wp-json\/wp\/v2\/media?parent=2906"}],"wp:term":[{"taxonomy":"category","embeddable":true,"href":"http:\/\/www.rincondelbulla.cl\/portal\/wp-json\/wp\/v2\/categories?post=2906"},{"taxonomy":"post_tag","embeddable":true,"href":"http:\/\/www.rincondelbulla.cl\/portal\/wp-json\/wp\/v2\/tags?post=2906"}],"curies":[{"name":"wp","href":"https:\/\/api.w.org\/{rel}","templated":true}]}}