{"id":2907,"date":"2012-05-11T15:47:24","date_gmt":"2012-05-11T15:47:24","guid":{"rendered":"http:\/\/www.rincondelbulla.cl\/portal\/?p=2907"},"modified":"2012-05-11T15:47:24","modified_gmt":"2012-05-11T15:47:24","slug":"medios-ecuatorianos-y-extranjeros-hablan-de-masacre-en-historica-hazana-de-la-u","status":"publish","type":"post","link":"http:\/\/www.rincondelbulla.cl\/portal\/2012\/05\/11\/medios-ecuatorianos-y-extranjeros-hablan-de-masacre-en-historica-hazana-de-la-u\/","title":{"rendered":"Medios ecuatorianos y extranjeros hablan de masacre en hist\u00f3rica haza\u00f1a de la &#8216;U&#8217;"},"content":{"rendered":"<figure id=\"attachment_4514\" aria-describedby=\"caption-attachment-4514\" style=\"width: 700px\" class=\"wp-caption alignnone\"><img loading=\"lazy\" decoding=\"async\" class=\" size-full wp-image-4514\" src=\"http:\/\/www.rincondelbulla.cl\/portal\/wp-content\/uploads\/2012\/05\/c287a06d601b14d8c5e1706c093840ac.jpg\" alt=\"Foto: Rincondelbulla.cl\" class=\"caption\" title=\"Medios hablan de masacre\" width=\"700\" height=\"396\" srcset=\"http:\/\/www.rincondelbulla.cl\/portal\/wp-content\/uploads\/2012\/05\/c287a06d601b14d8c5e1706c093840ac.jpg 700w, http:\/\/www.rincondelbulla.cl\/portal\/wp-content\/uploads\/2012\/05\/c287a06d601b14d8c5e1706c093840ac-300x170.jpg 300w, http:\/\/www.rincondelbulla.cl\/portal\/wp-content\/uploads\/2012\/05\/c287a06d601b14d8c5e1706c093840ac-696x394.jpg 696w\" sizes=\"auto, (max-width: 700px) 100vw, 700px\" \/><figcaption id=\"caption-attachment-4514\" class=\"wp-caption-text\">Medios hablan de masacre<\/figcaption><\/figure>\n<p><strong>La Universidad de Chile vapule\u00f3 por 6 \u2013 0 a Deportivo Quito y se instal\u00f3 en cuartos de final de la Copa Santander Libertadores. Ac\u00e1 revisaremos qu\u00e9 opin\u00f3 la prensa en el mundo sobre el triunfo del Le\u00f3n. Una haza\u00f1a hist\u00f3rica.<\/strong> <!--more--> En lo que esperamos se convierta en una secci\u00f3n en el sitio, en el equipo Rincondelbulla.cl quisimos recopilar las impresiones de los medios internacionales sobre la brillante presentaci\u00f3n de los dirigidos por Jorge Luis Sampaoli. Es que la goleada a la escuadra de Carlos Ischia tuvo repercusiones en todo el mundo, y ac\u00e1 te los queremos mostrar.<\/p>\n<p>Las seis estocadas que la U le propin\u00f3 a Deportivo Quito cal\u00f3 hondo en el medio ecuatoriano. Tras la presentaci\u00f3n en el Ol\u00edmpico de Atahualpa y el 4 \u2013 1 los \u00e1nimos eran alentadores, los de ecuatorianos no se esperaban una apabullante sorpresa como la vivida. Es as\u00ed como el diario online <strong><em>Elcomercio.com<\/em><\/strong>, de aquel pa\u00eds, fue sobrio al indicar que la Universidad de Chile gole\u00f3 y que su equipo no consigui\u00f3 en ning\u00fan momento del encuentro logr\u00f3 sobrepasar al rival. Parecida visi\u00f3n tuvo el sito <em><strong>Eldiario.com.ec<\/strong><\/em>, aunque otorg\u00f3 los correspondientes m\u00e9ritos a los azules. \u201cLa Universidad de Chile fue una verdadera tromba en el primer tiempo a sabiendas que deb\u00eda hacer pronto la tarea o, de lo contrario, pod\u00eda quedar fuera del camino a la obtenci\u00f3n de su primer Copa Libertadores\u201d, sostuvieron en el an\u00e1lisis del partido de anoche.<\/p>\n<p>En cambio, la web de noticias del mismo pa\u00eds, <em><strong>Cre.com.ec<\/strong><\/em>, fue m\u00e1s categ\u00f3rico en tildar el partido como un \u201cmonologo de la Universidad de Chile\u201d, lo cual dio paso a la eliminaci\u00f3n del elenco de Ischia. Pero lo m\u00e1s lapidarios fueron los del diario<em><strong> La Hora<\/strong><\/em>, tambi\u00e9n de Ecuador, quienes comentaron en su cr\u00f3nica sobre el partido una carencia importante por parte de los visitantes. \u201cLa ausencia de m\u00edstica y jerarqu\u00eda coopera del Deportivo Quito y lo que parec\u00eda imposible de suceder pas\u00f3 la noche de ayer en el Estadio Nacional de Santiago cuando la Universidad de Chile derrot\u00f3 con goleada (6-0) a los \u2018chullas\u2019 que vieron terminar su ilusi\u00f3n de clasificar por primera vez a cuartos de final de la Copa Libertadores de Am\u00e9rica con un deslucido y opaco juego\u201d, expusieron. As\u00ed como <em><strong>Elnorte.ec<\/strong><\/em>, trat\u00f3 de \u201chumillante\u201d la derrota.<\/p>\n<p>El sitio period\u00edstico de Argentina, <em><strong>Losandes.com.ar<\/strong><\/em>, en su secci\u00f3n Mas Deportes, destac\u00f3 que la U \u201cdemoli\u00f3 a Deportivo Quito\u2026\u201d, y a\u00f1adi\u00f3 adem\u00e1s, que la tarea de remontar el 4 \u2013 1 sufrido en Quito \u201clo cumpli\u00f3 con creces\u201d. Por su parte, el prestigioso medio deportivo Ol\u00e9, en si sitio <em><strong>Ole.com.ar<\/strong><\/em>, calific\u00f3 la victoria azul como un \u201cmilagro\u201d, ese milagro que tanto necesitaba para revertir el marcador en el juego de ida.<\/p>\n<p>El medio brasile\u00f1o Globo, en su sito <em><strong>Globoesporte.globo.com<\/strong><\/em>, destac\u00f3 que la U mostr\u00f3 su fortaleza como local, y que sencillamente lo ocurrido en el Estadio Nacional \u201cfue una masacre\u201d. A su vez, uno de los peri\u00f3dicos m\u00e1s influyentes de Per\u00fa,<em><strong> Larep\u00fablica.pe<\/strong><\/em>, se\u00f1al\u00f3 que lo ocurrido en el recinto \u00d1u\u00f1o\u00edno simplemente fue una \u201c\u00a1paliza!\u201d, enfatizando, adem\u00e1s, que los azules \u201cno tuvieron piedad contra Deportivo Quito\u201d en esta laboriosa tarea de revertir el marcador en el encuentro de ida.<\/p>\n<p>Como siempre, el sito de la FIFA, tuvo palabras para lo referido a la Santander Libertadores. De esto modo, titul\u00f3 que \u201cLa \u2018U\u2019 avanza con hist\u00f3rica proeza (6 \u2013 0)\u201d, situaci\u00f3n que los instal\u00f3 en cuartos de final donde enfrentar\u00e1n a Libertad de Paraguay (mi\u00e9rcoles 16 de mayo como visitante). \u201cEl plantel de la &#8216;U&#8217; funcion\u00f3 a la perfecci\u00f3n con un planteamiento que busc\u00f3 de forma ordenada y paciente los necesarios goles, con los delanteros Junior Fern\u00e1ndez y Angelo Henr\u00edquez en una noche inspirada, y con Marcelo D\u00edaz como el patr\u00f3n del equipo chileno\u201d, expresaron en <em><strong>es.fifa.com<\/strong><\/em>, como una suerte de resaltar con gloria la valent\u00eda de la escuadra de Sampaoli de enfrentarse ante la adversidad.<\/p>\n<p>As\u00ed es, se\u00f1ores, la Universidad de Chile sigue haciendo historia y dejando en lo m\u00e1s alto el f\u00fatbol chileno. Lo que se ve\u00eda imposible se desdobl\u00f3. Ahora la U m\u00e1s que nunca sue\u00f1a con la Copa Libertadores de Am\u00e9rica.<\/p>\n<p>{gallery}prensapostdepquito{\/gallery}<\/p>\n","protected":false},"excerpt":{"rendered":"<p>La Universidad de Chile vapule\u00f3 por 6 \u2013 0 a Deportivo Quito y se instal\u00f3 en cuartos de final de la Copa Santander Libertadores. Ac\u00e1 revisaremos qu\u00e9 opin\u00f3 la prensa en el mundo sobre el triunfo del Le\u00f3n. Una haza\u00f1a hist\u00f3rica.<\/p>\n","protected":false},"author":62,"featured_media":4514,"comment_status":"open","ping_status":"open","sticky":false,"template":"","format":"standard","meta":{"footnotes":""},"categories":[18],"tags":[454,95],"class_list":{"0":"post-2907","1":"post","2":"type-post","3":"status-publish","4":"format-standard","5":"has-post-thumbnail","7":"category-actualidad","8":"tag-actualidad","9":"tag-copa-libertadores-2012"},"_links":{"self":[{"href":"http:\/\/www.rincondelbulla.cl\/portal\/wp-json\/wp\/v2\/posts\/2907","targetHints":{"allow":["GET"]}}],"collection":[{"href":"http:\/\/www.rincondelbulla.cl\/portal\/wp-json\/wp\/v2\/posts"}],"about":[{"href":"http:\/\/www.rincondelbulla.cl\/portal\/wp-json\/wp\/v2\/types\/post"}],"author":[{"embeddable":true,"href":"http:\/\/www.rincondelbulla.cl\/portal\/wp-json\/wp\/v2\/users\/62"}],"replies":[{"embeddable":true,"href":"http:\/\/www.rincondelbulla.cl\/portal\/wp-json\/wp\/v2\/comments?post=2907"}],"version-history":[{"count":0,"href":"http:\/\/www.rincondelbulla.cl\/portal\/wp-json\/wp\/v2\/posts\/2907\/revisions"}],"wp:featuredmedia":[{"embeddable":true,"href":"http:\/\/www.rincondelbulla.cl\/portal\/wp-json\/wp\/v2\/media\/4514"}],"wp:attachment":[{"href":"http:\/\/www.rincondelbulla.cl\/portal\/wp-json\/wp\/v2\/media?parent=2907"}],"wp:term":[{"taxonomy":"category","embeddable":true,"href":"http:\/\/www.rincondelbulla.cl\/portal\/wp-json\/wp\/v2\/categories?post=2907"},{"taxonomy":"post_tag","embeddable":true,"href":"http:\/\/www.rincondelbulla.cl\/portal\/wp-json\/wp\/v2\/tags?post=2907"}],"curies":[{"name":"wp","href":"https:\/\/api.w.org\/{rel}","templated":true}]}}