{"id":2908,"date":"2012-05-11T19:18:13","date_gmt":"2012-05-11T19:18:13","guid":{"rendered":"http:\/\/www.rincondelbulla.cl\/portal\/?p=2908"},"modified":"2012-05-11T19:18:13","modified_gmt":"2012-05-11T19:18:13","slug":"la-u-viajara-el-miercoles-para-la-ida-con-libertad","status":"publish","type":"post","link":"http:\/\/www.rincondelbulla.cl\/portal\/2012\/05\/11\/la-u-viajara-el-miercoles-para-la-ida-con-libertad\/","title":{"rendered":"La &#8216;U&#8217; viajar\u00e1 el mi\u00e9rcoles para la ida con Libertad"},"content":{"rendered":"<figure id=\"attachment_4515\" aria-describedby=\"caption-attachment-4515\" style=\"width: 700px\" class=\"wp-caption alignnone\"><img loading=\"lazy\" decoding=\"async\" class=\" size-full wp-image-4515\" src=\"http:\/\/www.rincondelbulla.cl\/portal\/wp-content\/uploads\/2012\/05\/05956f3d84fecaec4433f74b2cec5d39.jpg\" alt=\"Foto: Patricio Gonz\u00e1lez\" class=\"caption\" title=\"La U ya tiene fecha y horario para ir a Paraguay\" width=\"700\" height=\"396\" srcset=\"http:\/\/www.rincondelbulla.cl\/portal\/wp-content\/uploads\/2012\/05\/05956f3d84fecaec4433f74b2cec5d39.jpg 700w, http:\/\/www.rincondelbulla.cl\/portal\/wp-content\/uploads\/2012\/05\/05956f3d84fecaec4433f74b2cec5d39-300x170.jpg 300w, http:\/\/www.rincondelbulla.cl\/portal\/wp-content\/uploads\/2012\/05\/05956f3d84fecaec4433f74b2cec5d39-696x394.jpg 696w\" sizes=\"auto, (max-width: 700px) 100vw, 700px\" \/><figcaption id=\"caption-attachment-4515\" class=\"wp-caption-text\">La U ya tiene fecha y horario para ir a Paraguay<\/figcaption><\/figure>\n<p><strong>La Conmebol dio a conocer las fechas de los encuentros de cuartos de final de la Copa Libertadores, y los azules jugar\u00e1n este 16 de mayo en Asunci\u00f3n el primer encuentro a las 18:30. Luego la revancha ser\u00e1 el 24 de este mes en el Nacional a las 21:30.<\/strong> <!--more--> Luego de la \u00e9pica remontada que instal\u00f3 a Universidad de Chile en cuartos de final de la Copa Libertadores, los azules ya planean lo que ser\u00e1 el choque ante Libertad, el complicado elenco paraguayo que dej\u00f3 en el camino a Cruz Azul.<\/p>\n<p>La Conmebol dio a conocer la programaci\u00f3n de la siguiente ronda del torneo continental m\u00e1s importante a nivel de clubes, y se determin\u00f3 que la escuadra de Jorge Sampaoli deber\u00e1 viajar este mi\u00e9rcoles 16 de mayo a Asunci\u00f3n para la ida, que se jugar\u00e1 a las 18:30 de Chile.<\/p>\n<p>Posteriormente el bicampe\u00f3n de nuestro pa\u00eds recibir\u00e1 a los &#8216;guaran\u00edes&#8217; en el Estadio Nacional el jueves 24 de este mes a las 21:30, para intentar lograr el paso a semifinales por segunda vez en tres a\u00f1os.<\/p>\n<p><strong>PROGRAMACI\u00d3N CUARTOS DE FINAL COPA LIBERTADORES<\/strong><\/p>\n<p>Mi\u00e9rcoles 16 de mayo<br \/><strong>Libertad vs. Universidad de Chile (18:30)<\/strong><br \/>Vasco vs. Corinthians (20:50)<\/p>\n<p>Jueves 17 de mayo<br \/>Boca vs. Fluminense (18:45)<br \/>V\u00e9lez vs. Santos (21:00)<\/p>\n<p>Mi\u00e9rcoles 23 de mayo<br \/>Fluminense vs. Boca (18:30)<br \/>Corinthians vs. Vasco (21:00)<\/p>\n<p>Jueves 24 de mayo<br \/>Santos vs. V\u00e9lez (19:00)<br \/><strong>Universidad de Chile vs. Libertad (21:30)<\/strong><\/p>\n<p><strong><br \/>Fuente: <\/strong>Prensafutbol.cl<strong><br \/><\/strong><\/p>\n","protected":false},"excerpt":{"rendered":"<p>La Conmebol dio a conocer las fechas de los encuentros de cuartos de final de la Copa Libertadores, y los azules jugar\u00e1n este 16 de mayo en Asunci\u00f3n el primer encuentro a las 18:30. Luego la revancha ser\u00e1 el 24 de este mes en el Nacional a las 21:30.<\/p>\n","protected":false},"author":1,"featured_media":4515,"comment_status":"open","ping_status":"open","sticky":false,"template":"","format":"standard","meta":{"footnotes":""},"categories":[18],"tags":[454,95,59],"class_list":{"0":"post-2908","1":"post","2":"type-post","3":"status-publish","4":"format-standard","5":"has-post-thumbnail","7":"category-actualidad","8":"tag-actualidad","9":"tag-copa-libertadores-2012","10":"tag-programacion"},"_links":{"self":[{"href":"http:\/\/www.rincondelbulla.cl\/portal\/wp-json\/wp\/v2\/posts\/2908","targetHints":{"allow":["GET"]}}],"collection":[{"href":"http:\/\/www.rincondelbulla.cl\/portal\/wp-json\/wp\/v2\/posts"}],"about":[{"href":"http:\/\/www.rincondelbulla.cl\/portal\/wp-json\/wp\/v2\/types\/post"}],"author":[{"embeddable":true,"href":"http:\/\/www.rincondelbulla.cl\/portal\/wp-json\/wp\/v2\/users\/1"}],"replies":[{"embeddable":true,"href":"http:\/\/www.rincondelbulla.cl\/portal\/wp-json\/wp\/v2\/comments?post=2908"}],"version-history":[{"count":0,"href":"http:\/\/www.rincondelbulla.cl\/portal\/wp-json\/wp\/v2\/posts\/2908\/revisions"}],"wp:featuredmedia":[{"embeddable":true,"href":"http:\/\/www.rincondelbulla.cl\/portal\/wp-json\/wp\/v2\/media\/4515"}],"wp:attachment":[{"href":"http:\/\/www.rincondelbulla.cl\/portal\/wp-json\/wp\/v2\/media?parent=2908"}],"wp:term":[{"taxonomy":"category","embeddable":true,"href":"http:\/\/www.rincondelbulla.cl\/portal\/wp-json\/wp\/v2\/categories?post=2908"},{"taxonomy":"post_tag","embeddable":true,"href":"http:\/\/www.rincondelbulla.cl\/portal\/wp-json\/wp\/v2\/tags?post=2908"}],"curies":[{"name":"wp","href":"https:\/\/api.w.org\/{rel}","templated":true}]}}