{"id":2909,"date":"2012-05-11T19:21:22","date_gmt":"2012-05-11T19:21:22","guid":{"rendered":"http:\/\/www.rincondelbulla.cl\/portal\/?p=2909"},"modified":"2012-05-11T19:21:22","modified_gmt":"2012-05-11T19:21:22","slug":"sampaoli-en-este-momento-es-imposible-que-me-vaya","status":"publish","type":"post","link":"http:\/\/www.rincondelbulla.cl\/portal\/2012\/05\/11\/sampaoli-en-este-momento-es-imposible-que-me-vaya\/","title":{"rendered":"Sampaoli: \u00abEn este momento, es imposible que me vaya\u00bb"},"content":{"rendered":"<figure id=\"attachment_4516\" aria-describedby=\"caption-attachment-4516\" style=\"width: 700px\" class=\"wp-caption alignnone\"><img loading=\"lazy\" decoding=\"async\" class=\" size-full wp-image-4516\" src=\"http:\/\/www.rincondelbulla.cl\/portal\/wp-content\/uploads\/2012\/05\/8c9ca86295c2bfde389cce56a0344d42.jpg\" alt=\"Foto: Claudio C\u00e1ceres\" class=\"caption\" title=\"En este momento es imposible que yo me vaya, m\u00e1s all\u00e1 de que alg\u00fan club me quiera, se\u00f1alo el DT\" width=\"700\" height=\"396\" srcset=\"http:\/\/www.rincondelbulla.cl\/portal\/wp-content\/uploads\/2012\/05\/8c9ca86295c2bfde389cce56a0344d42.jpg 700w, http:\/\/www.rincondelbulla.cl\/portal\/wp-content\/uploads\/2012\/05\/8c9ca86295c2bfde389cce56a0344d42-300x170.jpg 300w, http:\/\/www.rincondelbulla.cl\/portal\/wp-content\/uploads\/2012\/05\/8c9ca86295c2bfde389cce56a0344d42-696x394.jpg 696w\" sizes=\"auto, (max-width: 700px) 100vw, 700px\" \/><figcaption id=\"caption-attachment-4516\" class=\"wp-caption-text\">En este momento es imposible que yo me vaya, m\u00e1s all\u00e1 de que alg\u00fan club me quiera, se\u00f1alo el DT<\/figcaption><\/figure>\n<p><strong>En una extendida conferencia, el t\u00e9cnico de Universidad de Chile aclar\u00f3 sus supuestas conversaciones con Estudiantes de La Plata y apunt\u00f3 que pese al gran triunfo sobre Deportivo Quito, \u00abno nos sentimos favoritos\u00bb. Adelant\u00f3 adem\u00e1s equipo alternativo para duelo con la UC.<\/strong> <!--more--> La goleada de Universidad de Chile sobre Deportivo Quito, estuvo precedida por una semana llena de rumores sobre el alejamiento de su t\u00e9cnico, Jorge Sampaoli, algo que el propio entrenador decidi\u00f3 aclarar.<\/p>\n<p>\u00abEn este momento es imposible que yo me vaya, m\u00e1s all\u00e1 de que alg\u00fan club me quiera. La &#8216;U&#8217; me ha dado mucho y yo me quedar\u00eda mucho tiempo con este grupo de jugadores. Hay un v\u00ednculo muy importante con la camiseta por eso antes de irse uno siempre eval\u00faa la felicidad que te mantiene aqu\u00ed\u00bb, se\u00f1al\u00f3 el estratega.<\/p>\n<p>Adem\u00e1s, declar\u00f3 que \u00abni siquiera tengo tiempo de reunirme con nadie, estamos en medio de dos torneos y no vamos a dejar que nada nos desv\u00ede la atenci\u00f3n. Todo lo que se dice es sinceramente m\u00e1s medi\u00e1tico que otra cosa\u00bb.<\/p>\n<p>Sobre el excelente partido que disputaron los azules frente a Deportivo Quito por octavos de final, con un triunfo 6-0, el t\u00e9cnico declar\u00f3 sentirse orgulloso de su equipo y haber sentido una emoci\u00f3n muy grande por el buen juego.<\/p>\n<p>\u00abEl partido de ayer, junto con el de Godoy Cruz, marcaron una caracter\u00edstica de emoci\u00f3n en el juego de la &#8216;U&#8217;, muchos nos emocionamos al ver jugar al equipo. An\u00edmicamente siempre estuvimos arriba. Hicimos seis goles pero merec\u00edamos al menos cuatro m\u00e1s\u00bb, coment\u00f3 el argentino.<\/p>\n<p><strong>FAVORITISMO Y LIBERTAD<\/strong><\/p>\n<p>Sobre el rol que ahora toman, Sampaoli aclar\u00f3 que \u00abno nos sentimos favoritos. El favoritismo cambia en relaci\u00f3n a los resultados. Hasta ayer est\u00e1bamos eliminados de la Copa, esto va variando y cada partido es diferente, cada momento, cada escenario requiere una atenci\u00f3n especial\u00bb.<\/p>\n<p>Adem\u00e1s, sobre su pr\u00f3ximo rival, apunt\u00f3 que \u00abLibertad es un equipo complejo, t\u00e1cticamente prolijo, y en la pelota parada es muy fuerte. Tiene delanteros importantes, as\u00ed que ser\u00e1 un rival complicado y una serie dif\u00edcil, tanto all\u00e1 como ac\u00e1, siempre llegan bien. Debemos estar muy bien parados\u00bb.<\/p>\n<p><strong>SUPLENTES ANTE LA UC<\/strong><\/p>\n<p>El pr\u00f3ximo partido de Universidad de Chile por el Apertura es ante Universidad Cat\u00f3lica, encuentro para el cual Sampaoli adelant\u00f3 un equipo alternativo: \u00abNo es que le demos m\u00e1s prioridad a la Copa, pero hay jugadores que quedaron muy cansados y que no llegar\u00e1n bien al partido con Cat\u00f3lica, e incluso al mi\u00e9rcoles, pero jugaremos con los que est\u00e9n m\u00e1s descansados\u00bb, argument\u00f3.<\/p>\n<p>Por \u00faltimo, se\u00f1al\u00f3 que \u00abCat\u00f3lica est\u00e1 muy bien, han desarrollado un potencial importante, jugar con nosotros genera una motivaci\u00f3n extra y van a tratar de hacer un partido competitivo, ser\u00e1 un encuentro duro para nosotros\u00bb.<\/p>\n<p><strong>Fuente:<\/strong> Prensafutbol.cl<\/p>\n","protected":false},"excerpt":{"rendered":"<p>En una extendida conferencia, el t\u00e9cnico de Universidad de Chile aclar\u00f3 sus supuestas conversaciones con Estudiantes de La Plata y apunt\u00f3 que pese al gran triunfo sobre Deportivo Quito, \u00abno nos sentimos favoritos\u00bb. Adelant\u00f3 adem\u00e1s equipo alternativo para duelo con la UC.<\/p>\n","protected":false},"author":1,"featured_media":4516,"comment_status":"open","ping_status":"open","sticky":false,"template":"","format":"standard","meta":{"footnotes":""},"categories":[18],"tags":[454,40],"class_list":{"0":"post-2909","1":"post","2":"type-post","3":"status-publish","4":"format-standard","5":"has-post-thumbnail","7":"category-actualidad","8":"tag-actualidad","9":"tag-jorge-sampaoli"},"_links":{"self":[{"href":"http:\/\/www.rincondelbulla.cl\/portal\/wp-json\/wp\/v2\/posts\/2909","targetHints":{"allow":["GET"]}}],"collection":[{"href":"http:\/\/www.rincondelbulla.cl\/portal\/wp-json\/wp\/v2\/posts"}],"about":[{"href":"http:\/\/www.rincondelbulla.cl\/portal\/wp-json\/wp\/v2\/types\/post"}],"author":[{"embeddable":true,"href":"http:\/\/www.rincondelbulla.cl\/portal\/wp-json\/wp\/v2\/users\/1"}],"replies":[{"embeddable":true,"href":"http:\/\/www.rincondelbulla.cl\/portal\/wp-json\/wp\/v2\/comments?post=2909"}],"version-history":[{"count":0,"href":"http:\/\/www.rincondelbulla.cl\/portal\/wp-json\/wp\/v2\/posts\/2909\/revisions"}],"wp:featuredmedia":[{"embeddable":true,"href":"http:\/\/www.rincondelbulla.cl\/portal\/wp-json\/wp\/v2\/media\/4516"}],"wp:attachment":[{"href":"http:\/\/www.rincondelbulla.cl\/portal\/wp-json\/wp\/v2\/media?parent=2909"}],"wp:term":[{"taxonomy":"category","embeddable":true,"href":"http:\/\/www.rincondelbulla.cl\/portal\/wp-json\/wp\/v2\/categories?post=2909"},{"taxonomy":"post_tag","embeddable":true,"href":"http:\/\/www.rincondelbulla.cl\/portal\/wp-json\/wp\/v2\/tags?post=2909"}],"curies":[{"name":"wp","href":"https:\/\/api.w.org\/{rel}","templated":true}]}}