{"id":2913,"date":"2012-05-12T13:47:03","date_gmt":"2012-05-12T13:47:03","guid":{"rendered":"http:\/\/www.rincondelbulla.cl\/portal\/?p=2913"},"modified":"2012-05-12T13:47:03","modified_gmt":"2012-05-12T13:47:03","slug":"marcelos-salas-no-veo-un-equipo-tan-fuerte-como-la-u-en-la-copa","status":"publish","type":"post","link":"http:\/\/www.rincondelbulla.cl\/portal\/2012\/05\/12\/marcelos-salas-no-veo-un-equipo-tan-fuerte-como-la-u-en-la-copa\/","title":{"rendered":"Marcelos Salas: \u00abNo veo un equipo tan fuerte como la U en la copa\u00bb"},"content":{"rendered":"<figure id=\"attachment_4520\" aria-describedby=\"caption-attachment-4520\" style=\"width: 700px\" class=\"wp-caption alignnone\"><img loading=\"lazy\" decoding=\"async\" class=\" size-full wp-image-4520\" src=\"http:\/\/www.rincondelbulla.cl\/portal\/wp-content\/uploads\/2012\/05\/89f3c59ddc47758d75e04aa58eb7e461.jpg\" alt=\"Foto: El Grafico\" class=\"caption\" title=\"M\u00e1ximo \u00eddolo azul, aborda el feliz presente de la U en la Libertadores\" width=\"700\" height=\"396\" srcset=\"http:\/\/www.rincondelbulla.cl\/portal\/wp-content\/uploads\/2012\/05\/89f3c59ddc47758d75e04aa58eb7e461.jpg 700w, http:\/\/www.rincondelbulla.cl\/portal\/wp-content\/uploads\/2012\/05\/89f3c59ddc47758d75e04aa58eb7e461-300x170.jpg 300w, http:\/\/www.rincondelbulla.cl\/portal\/wp-content\/uploads\/2012\/05\/89f3c59ddc47758d75e04aa58eb7e461-696x394.jpg 696w\" sizes=\"auto, (max-width: 700px) 100vw, 700px\" \/><figcaption id=\"caption-attachment-4520\" class=\"wp-caption-text\">M\u00e1ximo \u00eddolo azul, aborda el feliz presente de la U en la Libertadores<\/figcaption><\/figure>\n<p><strong>El \u00abMatador\u00bb entra al \u00e1rea chica y se\u00f1ala que las claves del descollante momento del equipo de Jorge Sampaoli son \u00abla convicci\u00f3n\u00bb y \u00abel hambre\u00bb de ganarlo todo. Sobre el posible desangramiento del plantel, sentencia: \u00abSi quieres apuntar alto, no te puedes despotenciar\u00bb. \u00bfEstadio o refuerzos? \u00abSi quiero ver a la U, voy donde sea\u00bb. &nbsp;<\/strong> <!--more--> El d\u00eda despu\u00e9s de la arrasadora actuaci\u00f3n copera de la U ante Deportivo Quito, Marcelo Salas, la gloria m\u00e1xima del club, est\u00e1 extasiado. \u00abFuimos al estadio con mi hija pensando en el repunte. \u00cdbamos con fe. La verdad, fue espectacular, la U dio vuelta el partido con categor\u00eda. Qued\u00e9 contento, hubo muy buenos goles. Fue muy lindo\u00bb, asegura el artillero hist\u00f3rico de la Roja, mundialista en Francia &#8217;98, due\u00f1o de Uni\u00f3n Temuco y empresario de eventos deportivos.<\/p>\n<p><strong>-\u00bfRealmente pens\u00f3 que la U iba a dar vuelta el 1-4?<\/strong><\/p>\n<p>\u00abLo importante fue la convicci\u00f3n del equipo, por eso se dio vuelta. Es cierto que el rival no hizo mucho, estuvo metido en su arco y eso l\u00f3gico que ayuda, pero cuando existe esa convicci\u00f3n de que se pueden conseguir proezas, es mucho m\u00e1s f\u00e1cil lograrlas. En lo personal, con mi hija sab\u00edamos que la U iba a clasificar; si no, me hubiese quedado en la casa. Es m\u00e1s f\u00e1cil ir al estadio en los triunfos, cuando tienes la clasificaci\u00f3n lista, pero estos partidos son m\u00e1s emocionantes\u00bb.<\/p>\n<p><strong>-\u00bfDe qu\u00e9 noche azul se acord\u00f3?<\/strong><\/p>\n<p>\u00abJajaja&#8230; No, disfrut\u00e9 nom\u00e1s el partido de anoche (jueves). Es dif\u00edcil comparar mil cosas, no se puede hacer&#8230;\u00bb.<\/p>\n<p><strong>-\u00bfPero se pareci\u00f3, por ejemplo, a esa noche del &#8217;96 ante River Plate, con el Nacional lleno y en semifinales de la Libertadores?<\/strong><\/p>\n<p>\u00abEs que en realidad fui a alentar con la esperanza de que se diera vuelta un resultado. De hecho, con mi hija disfrutamos con la gente. La verdad es que lo del jueves no lo quiero comparar con nada. La gente alent\u00f3 de maravillas. Fue un gran partido\u00bb.<\/p>\n<p><strong>-\u00bfC\u00f3mo se traspasa a los jugadores esa convicci\u00f3n de que pueden ganar todo, esa hambre que tienen pocos?<\/strong><\/p>\n<p>\u00abCuando es un tema individual no se puede comprar esa hambre, pero creo que ac\u00e1 en la U la mayor\u00eda la tiene; los resultados y el rendimiento lo demuestran. Los buenos partidos durante m\u00e1s de un a\u00f1o provocan que todos terminen creyendo obligadamente. Creo que todos se la creen. Y eso hace que sea m\u00e1s f\u00e1cil obtener resultados. Como dices, no todos vienen con esa hambre, pero en la U se ve que la mayor\u00eda est\u00e1 en la misma sinton\u00eda\u00bb.<\/p>\n<p><strong>-\u00bfVe a la U ganando la Copa Libertadores?<\/strong><\/p>\n<p>\u00abO sea, creo que tiene una estructura de equipo y muy buenos jugadores. El jueves sac\u00f3 el tema del favoritismo, y pienso que como est\u00e1 jugando, es favorita. Obviamente que el f\u00fatbol pasa por momentos y los partidos pueden cambiar por detalles, pero aun as\u00ed creo que existen muchas opciones de lograr algo hist\u00f3rico: no he visto un equipo tan fuerte como la U en la Copa\u00bb.<\/p>\n<p><strong>\u00bfESTADIO O REFUERZOS?<\/strong><\/p>\n<p><strong>-El debate de moda: \u00bfqu\u00e9 s\u00e9 hace con lo recaudado por venta de jugadores: reforzar el plantel o destinarlo al estadio nuevo?<\/strong><\/p>\n<p>\u00abDepende. Si el club quiere sacar el estadio y despu\u00e9s ser campe\u00f3n, bueno, es una opci\u00f3n de la directiva. La decisi\u00f3n la toman ellos\u00bb.<\/p>\n<p><strong>-\u00bfComo hincha, le incomodar\u00eda seguir yendo al Nacional a costa de que la U se siguiera reforzando?<\/strong><\/p>\n<p>\u00abMi visi\u00f3n es totalmente distinta. No soy un hincha m\u00e1s, porque un hincha m\u00e1s te va a decir: &#8216;No, el estadio, el estadio&#8217; . Yo, en cambio, pienso en otras cosas. Por eso es dif\u00edcil dar una opini\u00f3n. Pero no me incomoda: si quiero ir a ver a la U, voy donde sea. Soy un hincha m\u00e1s, pero no tengo el mismo pensamiento de la mayor\u00eda en este tema\u00bb.<\/p>\n<p><strong>-Pero los hinchas y Sampaoli han mostrado inquietud por el virtual despotenciamiento el equipo a mitad de a\u00f1o&#8230;<\/strong><\/p>\n<p>\u00abLos clubes pasan por momentos espectaculares como el de la U en la actualidad. Con un esquema armado, donde se va uno y llega otro del mismo nivel. No s\u00e9 si se inquietar\u00e1 el t\u00e9cnico, pero creo que si quieres mantener ese peso, hay que tener un plantel que te permita alcanzarlo. En mi club, Uni\u00f3n Temuco, saco a tres o cuatro jugadores, pero no traigo a cualquier refuerzo si lo que pretendo es pelear el t\u00edtulo. No s\u00e9 c\u00f3mo manejar\u00e1n el asunto en Azul Azul, pero lo recomendable es mantener o elevar el nivel de los refuerzos para seguir apuntando alto\u00bb.<\/p>\n<p><strong>Fuente:<\/strong> El Mercurio<\/p>\n","protected":false},"excerpt":{"rendered":"<p>El \u00abMatador\u00bb entra al \u00e1rea chica y se\u00f1ala que las claves del descollante momento del equipo de Jorge Sampaoli son \u00abla convicci\u00f3n\u00bb y \u00abel hambre\u00bb de ganarlo todo. Sobre el posible desangramiento del plantel, sentencia: \u00abSi quieres apuntar alto, no te puedes despotenciar\u00bb. \u00bfEstadio o refuerzos? \u00abSi quiero ver a la U, voy donde sea\u00bb. [&#8230;]<\/p>\n","protected":false},"author":1,"featured_media":4520,"comment_status":"open","ping_status":"open","sticky":false,"template":"","format":"standard","meta":{"footnotes":""},"categories":[18],"tags":[454,95,63],"class_list":{"0":"post-2913","1":"post","2":"type-post","3":"status-publish","4":"format-standard","5":"has-post-thumbnail","7":"category-actualidad","8":"tag-actualidad","9":"tag-copa-libertadores-2012","10":"tag-marcelo-salas"},"_links":{"self":[{"href":"http:\/\/www.rincondelbulla.cl\/portal\/wp-json\/wp\/v2\/posts\/2913","targetHints":{"allow":["GET"]}}],"collection":[{"href":"http:\/\/www.rincondelbulla.cl\/portal\/wp-json\/wp\/v2\/posts"}],"about":[{"href":"http:\/\/www.rincondelbulla.cl\/portal\/wp-json\/wp\/v2\/types\/post"}],"author":[{"embeddable":true,"href":"http:\/\/www.rincondelbulla.cl\/portal\/wp-json\/wp\/v2\/users\/1"}],"replies":[{"embeddable":true,"href":"http:\/\/www.rincondelbulla.cl\/portal\/wp-json\/wp\/v2\/comments?post=2913"}],"version-history":[{"count":0,"href":"http:\/\/www.rincondelbulla.cl\/portal\/wp-json\/wp\/v2\/posts\/2913\/revisions"}],"wp:featuredmedia":[{"embeddable":true,"href":"http:\/\/www.rincondelbulla.cl\/portal\/wp-json\/wp\/v2\/media\/4520"}],"wp:attachment":[{"href":"http:\/\/www.rincondelbulla.cl\/portal\/wp-json\/wp\/v2\/media?parent=2913"}],"wp:term":[{"taxonomy":"category","embeddable":true,"href":"http:\/\/www.rincondelbulla.cl\/portal\/wp-json\/wp\/v2\/categories?post=2913"},{"taxonomy":"post_tag","embeddable":true,"href":"http:\/\/www.rincondelbulla.cl\/portal\/wp-json\/wp\/v2\/tags?post=2913"}],"curies":[{"name":"wp","href":"https:\/\/api.w.org\/{rel}","templated":true}]}}