{"id":2941,"date":"2012-05-19T15:39:32","date_gmt":"2012-05-19T15:39:32","guid":{"rendered":"http:\/\/www.rincondelbulla.cl\/portal\/?p=2941"},"modified":"2012-05-19T15:39:32","modified_gmt":"2012-05-19T15:39:32","slug":"johnny-herrera-esta-u-suma-elogios-que-nunca-tuvo-el-colo-colo-91-o-el-de-borghi","status":"publish","type":"post","link":"http:\/\/www.rincondelbulla.cl\/portal\/2012\/05\/19\/johnny-herrera-esta-u-suma-elogios-que-nunca-tuvo-el-colo-colo-91-o-el-de-borghi\/","title":{"rendered":"Johnny Herrera: \u00abEsta &#8216;U&#8217; suma elogios que nunca tuvo el Colo Colo 91 o el de Borghi\u00bb"},"content":{"rendered":"<figure id=\"attachment_4547\" aria-describedby=\"caption-attachment-4547\" style=\"width: 700px\" class=\"wp-caption alignnone\"><img loading=\"lazy\" decoding=\"async\" class=\" size-full wp-image-4547\" src=\"http:\/\/www.rincondelbulla.cl\/portal\/wp-content\/uploads\/2012\/05\/cee8d15e533fe0d998594b417925cd58.jpg\" alt=\"Foto: Agencia Uno\" class=\"caption\" title=\"El portero azul repasa el gran momento de la \u201cU\u201d\" width=\"700\" height=\"396\" srcset=\"http:\/\/www.rincondelbulla.cl\/portal\/wp-content\/uploads\/2012\/05\/cee8d15e533fe0d998594b417925cd58.jpg 700w, http:\/\/www.rincondelbulla.cl\/portal\/wp-content\/uploads\/2012\/05\/cee8d15e533fe0d998594b417925cd58-300x170.jpg 300w, http:\/\/www.rincondelbulla.cl\/portal\/wp-content\/uploads\/2012\/05\/cee8d15e533fe0d998594b417925cd58-696x394.jpg 696w\" sizes=\"auto, (max-width: 700px) 100vw, 700px\" \/><figcaption id=\"caption-attachment-4547\" class=\"wp-caption-text\">El portero azul repasa el gran momento de la \u201cU\u201d<\/figcaption><\/figure>\n<p><strong>El portero azul repasa con <em>La Tercera<\/em> el gran momento de la \u201cU\u201d y el estatus internacional que alcanza el equipo azul.<\/strong> <!--more--> Johnny Herrera suma tranquilidad en un momento superlativo de Universidad de Chile. El arquero apunta siempre alto y m\u00e1s ahora que dice vivir algo que no le hab\u00eda tocado presenciar. \u201cCuando salimos a la cancha, me saco el sombrero por mis compa\u00f1eros, c\u00f3mo corren y mueren en cada pelota, es algo at\u00edpico para el medio y para m\u00ed, pensando en los planteles que me toc\u00f3 estar o los que vi jugar&#8230; Mirando al Barcelona o Real Madrid, que son \u00edconos, ac\u00e1 todos corren por igual. Les digo a mis amigos que si con los 25 de este plantel voy a la guerra, estoy seguro de que no perdemos. Hay una solidaridad que es notable\u201d, comienza diciendo Herrera a <em>La Tercera<\/em>.<\/p>\n<p>\u201cLibertad va a ser m\u00e1s duro ac\u00e1, pero somos un equipo s\u00f3lido&#8230; No s\u00e9 si somos avasalladores o no, pero s\u00ed somos demasiado equilibrados. No regalamos nada ni tampoco nos sobra nada y, por lo mismo, no le tememos a nadie. Para competir de igual a igual en estas instancias de la Copa tenemos que estar todos con las pilas m\u00e1s que puestas, y as\u00ed ha sido. En buen chileno, ac\u00e1 nadie desti\u00f1e\u201d, a\u00f1ade el meta, quien asume la complicaci\u00f3n que les pone jugar con rivales como Deportivo Quito o Libertad.<\/p>\n<p>\u201cEstos equipos son los que m\u00e1s nos enredan, por su forma de jugar. Desde el a\u00f1o pasado a la fecha, los que m\u00e1s nos complicaron son los que se meten atr\u00e1s. Con ese esquema nos ganaron San Felipe y Santiago Morning. Y hace poco Cat\u00f3lica lo hizo, pues se arraton\u00f3 en el segundo tiempo y jug\u00f3 de contragolpe, pese a que nosotros est\u00e1bamos con muchos jugadores con pocos minutos en cancha. Es un sistema que nos complica, m\u00e1s si tienen delanteros r\u00e1pidos. Libertad va a ser complicado, porque se puede arratonar como Cat\u00f3lica\u201d, a\u00f1ade.<\/p>\n<p>Sobre ganar la Copa es claro: \u201cFalta mucho, pero te mentir\u00eda si no pienso en llegar a la final o s\u00f3lo pasar esta llave. So\u00f1ar es gratis y por qu\u00e9 no podr\u00eda ilusionarme con una final. M\u00e1s, por el compa\u00f1erismo que ac\u00e1 existe. Le podemos ganar a cualquiera. \u00bfSi somos favoritos? Los ocho estamos en igualdad de condiciones\u201d.<\/p>\n<p>Su fe se refuerza con lo vivido tras el 4-1 en contra en Quito: \u201cNunca pens\u00e9 que qued\u00e1bamos eliminados. Jugamos con pelotas desinfladas, de hac\u00eda dos a\u00f1os, y en otras condiciones te aseguro que atajaba dos de los tres mano a mano que tuve\u201d.<\/p>\n<p>Sobre repetir lo hecho en la Sudamericana, asevera que \u201clo que hicimos el a\u00f1o pasado fue realmente notable. Salimos campeones invictos ante varios equipos que hoy disputan esta Libertadores. Se nos fueron jugadores realmente importantes, pero han salido varios de la cantera que rinden a la misma altura\u201d.<\/p>\n<p>Las sostenidas alabanzas dan para comparar lo que vivi\u00f3 Colo Colo en 1991, con su t\u00edtulo en la Libertadores, y con otros elencos del \u201carchirrival\u201d. \u201cA la \u2018U\u2019 la alaban de todos lados. Las loas internacionales son algo que nunca antes vi con un equipo chileno. Esta \u2018U\u2019 recibe elogios que nunca sum\u00f3 el Colo Colo del 91 o el que sali\u00f3 campe\u00f3n con Borghi; creo que fue a dos Libertadores y qued\u00f3 eliminado al tiro. No recuerdo que se hablase tanto de esos equipos\u201d, acota.<\/p>\n<p>\u201cLo que hace esta \u2018U\u2019 es para sacarse el sombrero, y por eso me da lata que haya tarados en el pa\u00eds que siguen esperando y que quieren que esta \u2018U\u2019 se caiga. Es el comentario tipo que se escucha en la misma gente que trabaja en el f\u00fatbol. Me da pena, y la conclusi\u00f3n que saco es que por eso no hemos ganado nada como pa\u00eds. Si alguna vez rem\u00e1ramos para el mismo lado, nos ir\u00eda mejor como pa\u00eds, estoy seguro\u201d, remata.<\/p>\n<p><strong>Fuente:<\/strong> La Tercera<\/p>\n","protected":false},"excerpt":{"rendered":"<p>El portero azul repasa con La Tercera el gran momento de la \u201cU\u201d y el estatus internacional que alcanza el equipo azul.<\/p>\n","protected":false},"author":1,"featured_media":4547,"comment_status":"open","ping_status":"open","sticky":false,"template":"","format":"standard","meta":{"footnotes":""},"categories":[18],"tags":[454,95,41],"class_list":{"0":"post-2941","1":"post","2":"type-post","3":"status-publish","4":"format-standard","5":"has-post-thumbnail","7":"category-actualidad","8":"tag-actualidad","9":"tag-copa-libertadores-2012","10":"tag-johnny-herrera"},"_links":{"self":[{"href":"http:\/\/www.rincondelbulla.cl\/portal\/wp-json\/wp\/v2\/posts\/2941","targetHints":{"allow":["GET"]}}],"collection":[{"href":"http:\/\/www.rincondelbulla.cl\/portal\/wp-json\/wp\/v2\/posts"}],"about":[{"href":"http:\/\/www.rincondelbulla.cl\/portal\/wp-json\/wp\/v2\/types\/post"}],"author":[{"embeddable":true,"href":"http:\/\/www.rincondelbulla.cl\/portal\/wp-json\/wp\/v2\/users\/1"}],"replies":[{"embeddable":true,"href":"http:\/\/www.rincondelbulla.cl\/portal\/wp-json\/wp\/v2\/comments?post=2941"}],"version-history":[{"count":0,"href":"http:\/\/www.rincondelbulla.cl\/portal\/wp-json\/wp\/v2\/posts\/2941\/revisions"}],"wp:featuredmedia":[{"embeddable":true,"href":"http:\/\/www.rincondelbulla.cl\/portal\/wp-json\/wp\/v2\/media\/4547"}],"wp:attachment":[{"href":"http:\/\/www.rincondelbulla.cl\/portal\/wp-json\/wp\/v2\/media?parent=2941"}],"wp:term":[{"taxonomy":"category","embeddable":true,"href":"http:\/\/www.rincondelbulla.cl\/portal\/wp-json\/wp\/v2\/categories?post=2941"},{"taxonomy":"post_tag","embeddable":true,"href":"http:\/\/www.rincondelbulla.cl\/portal\/wp-json\/wp\/v2\/tags?post=2941"}],"curies":[{"name":"wp","href":"https:\/\/api.w.org\/{rel}","templated":true}]}}