{"id":2942,"date":"2012-05-19T22:00:50","date_gmt":"2012-05-19T22:00:50","guid":{"rendered":"http:\/\/www.rincondelbulla.cl\/portal\/?p=2942"},"modified":"2012-05-19T22:00:50","modified_gmt":"2012-05-19T22:00:50","slug":"atencion-bullangueros-manana-venta-de-stickers-coleccionables-en-el-santa-laura","status":"publish","type":"post","link":"http:\/\/www.rincondelbulla.cl\/portal\/2012\/05\/19\/atencion-bullangueros-manana-venta-de-stickers-coleccionables-en-el-santa-laura\/","title":{"rendered":"Atenci\u00f3n Bullangueros!! Ma\u00f1ana venta de stickers coleccionables en el Santa Laura"},"content":{"rendered":"<p><img loading=\"lazy\" decoding=\"async\" class=\" size-full wp-image-4548\" src=\"http:\/\/www.rincondelbulla.cl\/portal\/wp-content\/uploads\/2012\/05\/66121bc28c9d23f8a6cd26cc53117b58.jpg\" alt=\"\" width=\"700\" height=\"396\" srcset=\"http:\/\/www.rincondelbulla.cl\/portal\/wp-content\/uploads\/2012\/05\/66121bc28c9d23f8a6cd26cc53117b58.jpg 700w, http:\/\/www.rincondelbulla.cl\/portal\/wp-content\/uploads\/2012\/05\/66121bc28c9d23f8a6cd26cc53117b58-300x170.jpg 300w, http:\/\/www.rincondelbulla.cl\/portal\/wp-content\/uploads\/2012\/05\/66121bc28c9d23f8a6cd26cc53117b58-696x394.jpg 696w\" sizes=\"auto, (max-width: 700px) 100vw, 700px\" \/><\/p>\n<p><strong>Camaradas rinc\u00f3n del bulla ha lanzado una promoci\u00f3n para ti, llegan los stickers coleccionable del plantel 2012 y momentos \u00e9picos del a\u00f1o 2011.<\/strong> <!--more--> Esta campa\u00f1a es para financiar nuestras galer\u00edas fotogr\u00e1ficas y el traslado de nuestro staff.<\/p>\n<p>El domingo estaremos en los alrededores del Estadio Santa Laura, vendiendo los adhesivos coleccionables del Rinc\u00f3n del bulla,&nbsp; te pedimos apoyar la continuidad de este hermoso proyecto autogestionado por profesionales que s\u00f3lo buscan informar sobre nuestro querido equipo.<\/p>\n<p>Tenemos estos tres modelos por el momento, luego vendr\u00e1n m\u00e1s dise\u00f1os, los cuales son exclusivos del Rinc\u00f3n y lo mejor de todo coleccionable.<\/p>\n<p>El valor de loa adhesivos es de $100,. El llamado est\u00e1 hecho, si ves a un camarada del Rinc\u00f3n ap\u00f3yalo comprando un stickers del bulla coleccionable.<\/p>\n","protected":false},"excerpt":{"rendered":"<p>Camaradas rinc\u00f3n del bulla ha lanzado una promoci\u00f3n para ti, llegan los stickers coleccionable del plantel 2012 y momentos \u00e9picos del a\u00f1o 2011.<\/p>\n","protected":false},"author":56,"featured_media":4548,"comment_status":"open","ping_status":"open","sticky":false,"template":"","format":"standard","meta":{"footnotes":""},"categories":[18],"tags":[],"class_list":{"0":"post-2942","1":"post","2":"type-post","3":"status-publish","4":"format-standard","5":"has-post-thumbnail","7":"category-actualidad"},"_links":{"self":[{"href":"http:\/\/www.rincondelbulla.cl\/portal\/wp-json\/wp\/v2\/posts\/2942","targetHints":{"allow":["GET"]}}],"collection":[{"href":"http:\/\/www.rincondelbulla.cl\/portal\/wp-json\/wp\/v2\/posts"}],"about":[{"href":"http:\/\/www.rincondelbulla.cl\/portal\/wp-json\/wp\/v2\/types\/post"}],"author":[{"embeddable":true,"href":"http:\/\/www.rincondelbulla.cl\/portal\/wp-json\/wp\/v2\/users\/56"}],"replies":[{"embeddable":true,"href":"http:\/\/www.rincondelbulla.cl\/portal\/wp-json\/wp\/v2\/comments?post=2942"}],"version-history":[{"count":0,"href":"http:\/\/www.rincondelbulla.cl\/portal\/wp-json\/wp\/v2\/posts\/2942\/revisions"}],"wp:featuredmedia":[{"embeddable":true,"href":"http:\/\/www.rincondelbulla.cl\/portal\/wp-json\/wp\/v2\/media\/4548"}],"wp:attachment":[{"href":"http:\/\/www.rincondelbulla.cl\/portal\/wp-json\/wp\/v2\/media?parent=2942"}],"wp:term":[{"taxonomy":"category","embeddable":true,"href":"http:\/\/www.rincondelbulla.cl\/portal\/wp-json\/wp\/v2\/categories?post=2942"},{"taxonomy":"post_tag","embeddable":true,"href":"http:\/\/www.rincondelbulla.cl\/portal\/wp-json\/wp\/v2\/tags?post=2942"}],"curies":[{"name":"wp","href":"https:\/\/api.w.org\/{rel}","templated":true}]}}