{"id":2943,"date":"2012-05-20T01:17:08","date_gmt":"2012-05-20T01:17:08","guid":{"rendered":"http:\/\/www.rincondelbulla.cl\/portal\/?p=2943"},"modified":"2012-05-20T01:17:08","modified_gmt":"2012-05-20T01:17:08","slug":"la-previa-la-u-buscara-el-triunfo-para-terminar-puntera-del-apertura","status":"publish","type":"post","link":"http:\/\/www.rincondelbulla.cl\/portal\/2012\/05\/20\/la-previa-la-u-buscara-el-triunfo-para-terminar-puntera-del-apertura\/","title":{"rendered":"La Previa: La &#8216;U&#8217; buscar\u00e1 el triunfo para terminar puntera del Apertura"},"content":{"rendered":"<figure id=\"attachment_4549\" aria-describedby=\"caption-attachment-4549\" style=\"width: 700px\" class=\"wp-caption alignnone\"><img loading=\"lazy\" decoding=\"async\" class=\" size-full wp-image-4549\" src=\"http:\/\/www.rincondelbulla.cl\/portal\/wp-content\/uploads\/2012\/05\/52804e667e51a1ffe5b4b23ad3f56e8f.jpg\" alt=\"Foto: Claudio C\u00e1ceres\" class=\"caption\" title=\"Ante Huachipato la \u201cU\u201d buscar\u00e1 terminar como l\u00edder del Apertura\" width=\"700\" height=\"396\" srcset=\"http:\/\/www.rincondelbulla.cl\/portal\/wp-content\/uploads\/2012\/05\/52804e667e51a1ffe5b4b23ad3f56e8f.jpg 700w, http:\/\/www.rincondelbulla.cl\/portal\/wp-content\/uploads\/2012\/05\/52804e667e51a1ffe5b4b23ad3f56e8f-300x170.jpg 300w, http:\/\/www.rincondelbulla.cl\/portal\/wp-content\/uploads\/2012\/05\/52804e667e51a1ffe5b4b23ad3f56e8f-696x394.jpg 696w\" sizes=\"auto, (max-width: 700px) 100vw, 700px\" \/><figcaption id=\"caption-attachment-4549\" class=\"wp-caption-text\">Ante Huachipato la \u201cU\u201d buscar\u00e1 terminar como l\u00edder del Apertura<\/figcaption><\/figure>\n<p><strong>Despu\u00e9s de jugarse un complicado encuentro en Asunci\u00f3n, por la Copa Santander Libertadores, y de conseguir un valioso empate (1-1) los azules buscaran terminar la fase regular en la primera ubicaci\u00f3n a costa de Huachipato. Aqu\u00ed, en el Rinc\u00f3n del Bulla te contamos los pormenores del encuentro.<\/strong> <!--more--> El mi\u00e9rcoles en la noche se jug\u00f3 en Paraguay y el jueves el equipo ya estaba de regreso en Chile. Ahora queda el \u00faltimo reto antes de comenzar los paly offs (solamente hablando del torneo local) y es contra Huachipato. La \u201cU\u201d viene de perder dos partidos consecutivos en el Torneo de Apertura (1-2 contra la UC y 0-2 contra la U. de Concepci\u00f3n) aunque se mantiene como \u00fanico l\u00edder del campeonato.<\/p>\n<p>Uno de los que sac\u00f3 la voz antes del partido fue el t\u00e9cnico Jorge Sampaoli, quien asever\u00f3 que el partido carece de relevancia. \u201cEs un partido que no define nada, salvo una posici\u00f3n en los playoffs. La ventaja que te da el domingo es que al jugar el jueves tienes un d\u00eda m\u00e1s para contar con jugadores que van a repetir en Copa. No me interesa asegurar el primer lugar de la fase regular\u201d, dijo el oriundo de Casilda.<\/p>\n<p>El \u00faltimo registro de un partido entre ambos elencos es favorable para los azules. Fue el 6 de noviembre de 2011, por el Campeonato de Clausura, y el resultado fue de 5-3 en favor de la \u201cU\u201d. Los goles fueron marcados por Eduardo Vargas (4\u2019), Francisco Castro (12\u2019), Mat\u00edas Rodr\u00edguez (32\u2019) y Gustavo Canales (78\u2019 y 90\u2019).<\/p>\n<p>Respecto a la posible formaci\u00f3n que utilizar\u00eda el estratega para el partido ante los acereros, Jorge Sampaoli dijo que este s\u00e1bado reci\u00e9n tomar\u00eda la decisi\u00f3n de qu\u00e9 equipo parar\u00eda este domingo en el Estadio Santa Laura, aunque descart\u00f3 una posible inclusi\u00f3n de Eduardo Mirante en el equipo titular. Por lo tanto, se espera que la U salte a la cancha con un equipo muy similar al que enfrento a Universidad Cat\u00f3lica en San Carlos de Apoquindo. Esto, pensando en el partido contra Libertad por Copa Libertadores.<\/p>\n<p><strong>Rival de turno<\/strong><\/p>\n<p>Por su parte, el elenco dirigido por Jorge Pellicer viene de caer por dos tantos contra uno frente a Uni\u00f3n La Calera. Huachipato necesita ganar para lograr llegar a la post temporada sin necesitar de otros resultados.<\/p>\n<p>La posible formaci\u00f3n de los acereros ser\u00eda con Mu\u00f1oz en el arco; Contreras, Mu\u00f1oz, Merlo y Crovetto; Ben\u00edtez, Sandoval y Reyes; Cort\u00e9s; Villalobos y Rodr\u00edguez.<\/p>\n<p>El partido se jugar\u00e1 el domingo 20 de mayo a las 18:30 horas, en el Estadio Santa Laura-Universidad SEK, y el juez encargado de impartir disciplina ser\u00e1 Claudio Puga.<\/p>\n<p><strong>Recuerda que puedes ver el minuto a minuto aqu\u00ed, en el Rinc\u00f3n del Bulla!!!<\/strong><\/p>\n","protected":false},"excerpt":{"rendered":"<p>Despu\u00e9s de jugarse un complicado encuentro en Asunci\u00f3n, por la Copa Santander Libertadores, y de conseguir un valioso empate (1-1) los azules buscaran terminar la fase regular en la primera ubicaci\u00f3n a costa de Huachipato. Aqu\u00ed, en el Rinc\u00f3n del Bulla te contamos los pormenores del encuentro.<\/p>\n","protected":false},"author":61,"featured_media":4549,"comment_status":"open","ping_status":"open","sticky":false,"template":"","format":"standard","meta":{"footnotes":""},"categories":[18],"tags":[454,94,37],"class_list":{"0":"post-2943","1":"post","2":"type-post","3":"status-publish","4":"format-standard","5":"has-post-thumbnail","7":"category-actualidad","8":"tag-actualidad","9":"tag-apertura-2012","10":"tag-la-previa"},"_links":{"self":[{"href":"http:\/\/www.rincondelbulla.cl\/portal\/wp-json\/wp\/v2\/posts\/2943","targetHints":{"allow":["GET"]}}],"collection":[{"href":"http:\/\/www.rincondelbulla.cl\/portal\/wp-json\/wp\/v2\/posts"}],"about":[{"href":"http:\/\/www.rincondelbulla.cl\/portal\/wp-json\/wp\/v2\/types\/post"}],"author":[{"embeddable":true,"href":"http:\/\/www.rincondelbulla.cl\/portal\/wp-json\/wp\/v2\/users\/61"}],"replies":[{"embeddable":true,"href":"http:\/\/www.rincondelbulla.cl\/portal\/wp-json\/wp\/v2\/comments?post=2943"}],"version-history":[{"count":0,"href":"http:\/\/www.rincondelbulla.cl\/portal\/wp-json\/wp\/v2\/posts\/2943\/revisions"}],"wp:featuredmedia":[{"embeddable":true,"href":"http:\/\/www.rincondelbulla.cl\/portal\/wp-json\/wp\/v2\/media\/4549"}],"wp:attachment":[{"href":"http:\/\/www.rincondelbulla.cl\/portal\/wp-json\/wp\/v2\/media?parent=2943"}],"wp:term":[{"taxonomy":"category","embeddable":true,"href":"http:\/\/www.rincondelbulla.cl\/portal\/wp-json\/wp\/v2\/categories?post=2943"},{"taxonomy":"post_tag","embeddable":true,"href":"http:\/\/www.rincondelbulla.cl\/portal\/wp-json\/wp\/v2\/tags?post=2943"}],"curies":[{"name":"wp","href":"https:\/\/api.w.org\/{rel}","templated":true}]}}