{"id":2945,"date":"2012-05-21T00:53:49","date_gmt":"2012-05-21T00:53:49","guid":{"rendered":"http:\/\/www.rincondelbulla.cl\/portal\/?p=2945"},"modified":"2012-05-21T00:53:49","modified_gmt":"2012-05-21T00:53:49","slug":"marca-personal-universidad-de-chile-vs-huachipato-2","status":"publish","type":"post","link":"http:\/\/www.rincondelbulla.cl\/portal\/2012\/05\/21\/marca-personal-universidad-de-chile-vs-huachipato-2\/","title":{"rendered":"Marca Personal: Universidad de Chile vs. Huachipato"},"content":{"rendered":"<figure id=\"attachment_4551\" aria-describedby=\"caption-attachment-4551\" style=\"width: 700px\" class=\"wp-caption alignnone\"><img loading=\"lazy\" decoding=\"async\" class=\" size-full wp-image-4551\" src=\"http:\/\/www.rincondelbulla.cl\/portal\/wp-content\/uploads\/2012\/05\/515f73ff95891609f3052d596e50e868.jpg\" alt=\"Foto: Patricio Gonz\u00e1lez\" class=\"caption\" title=\"Paulo Garc\u00e9s, una de las grandes figuras de hoy\" width=\"700\" height=\"396\" srcset=\"http:\/\/www.rincondelbulla.cl\/portal\/wp-content\/uploads\/2012\/05\/515f73ff95891609f3052d596e50e868.jpg 700w, http:\/\/www.rincondelbulla.cl\/portal\/wp-content\/uploads\/2012\/05\/515f73ff95891609f3052d596e50e868-300x170.jpg 300w, http:\/\/www.rincondelbulla.cl\/portal\/wp-content\/uploads\/2012\/05\/515f73ff95891609f3052d596e50e868-696x394.jpg 696w\" sizes=\"auto, (max-width: 700px) 100vw, 700px\" \/><figcaption id=\"caption-attachment-4551\" class=\"wp-caption-text\">Paulo Garc\u00e9s, una de las grandes figuras de hoy<\/figcaption><\/figure>\n<p><strong>Para que no queden dudas de por qu\u00e9 est\u00e1n en este plantel, los jugadores \u201calternativos\u201d de Universidad de Chile ganaron, gustaron y golearon en Santa Laura. Los azules aseguraron el primer lugar en la fase regular y mostraron varios puntos altos en el duelo ante Huachipato. Los Leones, uno a uno, por <em>Rinc\u00f3ndelbulla<\/em>.<\/strong> <!--more--> <strong>Paulo Garc\u00e9s:<\/strong> Excelente en su debut. A pesar de su pasado hoy hizo un partido redondo y mostr\u00f3 que puede ser alternativa, sac\u00f3 pelotas claras de gol y hasta la suerte lo acompa\u00f1\u00f3. Nota: 7.0<\/p>\n<p><strong>Jos\u00e9 Rojas:<\/strong> Hizo un partido correcto, aunque se fue reemplazado para cuidarlo. Hasta donde jug\u00f3, bien. Nota: 6.5<\/p>\n<p><strong>Albert Acevedo:<\/strong> Bien, otro que no hizo mal partido, siempre atento y se mostr\u00f3 seguro. Nota: 6.0<\/p>\n<p><strong>Igor Lichnovsky:<\/strong> Muy bien en defensa. Siempre colabor\u00f3 y evit\u00f3 uno que otro gol. Nota: 6.5<\/p>\n<p><strong>Roberto Cereceda:<\/strong> Bien en velocidad pero pierde puntos en la claridad. No fue un mal partido pero le sigue faltando un poco. Nota: 5.5<\/p>\n<p><strong>Paulo Magalhaes:<\/strong> Otro que le falta algo. No hizo un mal partido pero en el plantel hay que tener mucho m\u00e1s que los rivales y a \u00e9l, le falta. Nota: 5.0<\/p>\n<p><strong>Charles Ar\u00e1nguiz:<\/strong> Excelente. Siempre figura y hoy se apoder\u00f3 de la mita de la cancha. Claro en la entrega y en el quite. Nota: 7.0<\/p>\n<p><strong>Guillermo Marino:<\/strong> Bien en su labor. Condujo bien el bal\u00f3n y siempre entrega al pie. Aunque le falta velocidad. Nota: 6.0<\/p>\n<p><strong>Francisco Castro:<\/strong> Bien. Anot\u00f3 un golazo de tiro libre y siempre gener\u00f3 peligro. Nota: 6.5<\/p>\n<p><strong>Felipe Gallegos:<\/strong> A pesar de anotar un gol se le not\u00f3 algo lento. Nota: 5.5<\/p>\n<p><strong>\u00c1ngelo Henr\u00edquez:<\/strong> Otra de las figuras de la cancha. Anot\u00f3 dos goles y nunca dio una pelota por perdida. Nota: 7.0<\/p>\n<p><strong>SUSTITUCIONES<\/strong><\/p>\n<p><strong>Marcelo D\u00edaz:<\/strong> Se nota por qu\u00e9 est\u00e1 d\u00f3nde est\u00e1. Entr\u00f3 a la cancha y le cambi\u00f3 m\u00e1s la cara a la U. Nota: 7.0<\/p>\n<p><strong>Gustavo Lorenzetti:<\/strong> Otro que sigue subiendo su nivel de forma incre\u00edble. Meti\u00f3 unas pelotas en profundidad excelentes y gener\u00f3 el tercer gol. Nota: 7.0<\/p>\n<p><strong>Eugenio Mena:<\/strong> Tambi\u00e9n demostr\u00f3 por qu\u00e9 es titular indiscutido en este equipo. Fue clave en el tercer gol y es due\u00f1o de la banda derecha. Nota: 7.0<\/p>\n","protected":false},"excerpt":{"rendered":"<p>Para que no queden dudas de por qu\u00e9 est\u00e1n en este plantel, los jugadores \u201calternativos\u201d de Universidad de Chile ganaron, gustaron y golearon en Santa Laura. Los azules aseguraron el primer lugar en la fase regular y mostraron varios puntos altos en el duelo ante Huachipato. Los Leones, uno a uno, por Rinc\u00f3ndelbulla.<\/p>\n","protected":false},"author":57,"featured_media":4551,"comment_status":"open","ping_status":"open","sticky":false,"template":"","format":"standard","meta":{"footnotes":""},"categories":[18],"tags":[454,94,43],"class_list":{"0":"post-2945","1":"post","2":"type-post","3":"status-publish","4":"format-standard","5":"has-post-thumbnail","7":"category-actualidad","8":"tag-actualidad","9":"tag-apertura-2012","10":"tag-marca-personal"},"_links":{"self":[{"href":"http:\/\/www.rincondelbulla.cl\/portal\/wp-json\/wp\/v2\/posts\/2945","targetHints":{"allow":["GET"]}}],"collection":[{"href":"http:\/\/www.rincondelbulla.cl\/portal\/wp-json\/wp\/v2\/posts"}],"about":[{"href":"http:\/\/www.rincondelbulla.cl\/portal\/wp-json\/wp\/v2\/types\/post"}],"author":[{"embeddable":true,"href":"http:\/\/www.rincondelbulla.cl\/portal\/wp-json\/wp\/v2\/users\/57"}],"replies":[{"embeddable":true,"href":"http:\/\/www.rincondelbulla.cl\/portal\/wp-json\/wp\/v2\/comments?post=2945"}],"version-history":[{"count":0,"href":"http:\/\/www.rincondelbulla.cl\/portal\/wp-json\/wp\/v2\/posts\/2945\/revisions"}],"wp:featuredmedia":[{"embeddable":true,"href":"http:\/\/www.rincondelbulla.cl\/portal\/wp-json\/wp\/v2\/media\/4551"}],"wp:attachment":[{"href":"http:\/\/www.rincondelbulla.cl\/portal\/wp-json\/wp\/v2\/media?parent=2945"}],"wp:term":[{"taxonomy":"category","embeddable":true,"href":"http:\/\/www.rincondelbulla.cl\/portal\/wp-json\/wp\/v2\/categories?post=2945"},{"taxonomy":"post_tag","embeddable":true,"href":"http:\/\/www.rincondelbulla.cl\/portal\/wp-json\/wp\/v2\/tags?post=2945"}],"curies":[{"name":"wp","href":"https:\/\/api.w.org\/{rel}","templated":true}]}}