{"id":2947,"date":"2012-05-21T09:00:04","date_gmt":"2012-05-21T09:00:04","guid":{"rendered":"http:\/\/www.rincondelbulla.cl\/portal\/?p=2947"},"modified":"2012-05-21T09:00:04","modified_gmt":"2012-05-21T09:00:04","slug":"sebastian-becaccece-siempre-por-nuestra-cabeza-paso-ganar-nada-mas","status":"publish","type":"post","link":"http:\/\/www.rincondelbulla.cl\/portal\/2012\/05\/21\/sebastian-becaccece-siempre-por-nuestra-cabeza-paso-ganar-nada-mas\/","title":{"rendered":"Sebasti\u00e1n Becaccece: \u201cRescat\u00f3 la intenci\u00f3n y la b\u00fasqueda del equipo\u201d"},"content":{"rendered":"<figure id=\"attachment_4553\" aria-describedby=\"caption-attachment-4553\" style=\"width: 700px\" class=\"wp-caption alignnone\"><img loading=\"lazy\" decoding=\"async\" class=\" size-full wp-image-4553\" src=\"http:\/\/www.rincondelbulla.cl\/portal\/wp-content\/uploads\/2012\/05\/bdd855fb7775fd36266a0900a249e256.jpg\" alt=\"Foto: Agencia Uno\" class=\"caption\" title=\"Sebasti\u00e1n Becacecce, ayudante del t\u00e9cnico de Jorge Sampaoli\" width=\"700\" height=\"396\" srcset=\"http:\/\/www.rincondelbulla.cl\/portal\/wp-content\/uploads\/2012\/05\/bdd855fb7775fd36266a0900a249e256.jpg 700w, http:\/\/www.rincondelbulla.cl\/portal\/wp-content\/uploads\/2012\/05\/bdd855fb7775fd36266a0900a249e256-300x170.jpg 300w, http:\/\/www.rincondelbulla.cl\/portal\/wp-content\/uploads\/2012\/05\/bdd855fb7775fd36266a0900a249e256-696x394.jpg 696w\" sizes=\"auto, (max-width: 700px) 100vw, 700px\" \/><figcaption id=\"caption-attachment-4553\" class=\"wp-caption-text\">Sebasti\u00e1n Becacecce, ayudante del t\u00e9cnico de Jorge Sampaoli<\/figcaption><\/figure>\n<p><strong>El ayudante de campo de Jorge Sampaoli, reconoci\u00f3 que el equipo de la octava regi\u00f3n fue superior en pasajes del partido, pero que los azules supieron como sortear esa presi\u00f3n y sortear de manera exitosa el encuentro.<\/strong>  <!--more--> El cuatro a cero que le propin\u00f3 Universidad de Chile a Huachipato, dicta mucho de lo que ocurri\u00f3 en la cancha. Si bien los azules se quedaron con los tres puntos, los acereros manejaron gran parte del encuentro, convirtiendo al debutante en el arco del Cuadro M\u00e1gico, Paulo Garc\u00e9s, en una de las figuras de la cancha.<\/p>\n<p>Situaci\u00f3n que dej\u00f3 de manifiesto Sebasti\u00e1n Becaccece, en conferencia de prensa terminado el match por la \u00faltima fecha del campeonato de apertura. \u201cNo superamos el primer tiempo al rival. Rescato la intenci\u00f3n, la b\u00fasqueda, la creencia en la idea del equipo (\u2026) tiene al funcionamiento como sost\u00e9n de todo esto\u201d.<\/p>\n<p>{mp3}becaccece_huachipato1{\/mp3}<\/p>\n<p>Sobre el partido frente a Libertad de Paraguay, el Seba asegur\u00f3 que en estos 4 d\u00edas que restan preparar\u00e1n al equipo seg\u00fan como se sientan los jugadores.&nbsp; \u201cVamos a ver como se encuentra cada uno, en base a lo que vallamos desarrollando o lo que valla pensando Jorge (Sampaoli), veremos cual es el equipo que presentamos el jueves\u201d<\/p>\n<p>{mp3}becaccece_huachipato2{\/mp3}<\/p>\n<p>Sobre el favoritismo del cuadro azul en la Copa Libertadores el ayudante t\u00e9cnico del Cuadro Azul, asegur\u00f3 que a estas alturas no hay favoritos y que el encuentro en el Nacional ser\u00e1 muy dur\u00f3 por las dificultades que presentan los guaran\u00edes. &nbsp;<\/p>\n<p>{mp3}becaccece_huachipato3{\/mp3}<\/p>\n<p>Sobre la evoluci\u00f3n de Junior Fernandes, el melenudo afirm\u00f3 que el ariete \u201cha ido evolucionando bien. Hoy entreno con el preparador f\u00edsico&nbsp; (Jorge Desio), y esperamos que est\u00e9 bien para el jueves\u201d concluy\u00f3.<\/p>\n","protected":false},"excerpt":{"rendered":"<p>El ayudante de campo de Jorge Sampaoli, reconoci\u00f3 que el equipo de la octava regi\u00f3n fue superior en pasajes del partido, pero que los azules supieron como sortear esa presi\u00f3n y sortear de manera exitosa el encuentro.<\/p>\n","protected":false},"author":63,"featured_media":4553,"comment_status":"open","ping_status":"open","sticky":false,"template":"","format":"standard","meta":{"footnotes":""},"categories":[18],"tags":[454,94,114],"class_list":{"0":"post-2947","1":"post","2":"type-post","3":"status-publish","4":"format-standard","5":"has-post-thumbnail","7":"category-actualidad","8":"tag-actualidad","9":"tag-apertura-2012","10":"tag-sebastian-becaccece"},"_links":{"self":[{"href":"http:\/\/www.rincondelbulla.cl\/portal\/wp-json\/wp\/v2\/posts\/2947","targetHints":{"allow":["GET"]}}],"collection":[{"href":"http:\/\/www.rincondelbulla.cl\/portal\/wp-json\/wp\/v2\/posts"}],"about":[{"href":"http:\/\/www.rincondelbulla.cl\/portal\/wp-json\/wp\/v2\/types\/post"}],"author":[{"embeddable":true,"href":"http:\/\/www.rincondelbulla.cl\/portal\/wp-json\/wp\/v2\/users\/63"}],"replies":[{"embeddable":true,"href":"http:\/\/www.rincondelbulla.cl\/portal\/wp-json\/wp\/v2\/comments?post=2947"}],"version-history":[{"count":0,"href":"http:\/\/www.rincondelbulla.cl\/portal\/wp-json\/wp\/v2\/posts\/2947\/revisions"}],"wp:featuredmedia":[{"embeddable":true,"href":"http:\/\/www.rincondelbulla.cl\/portal\/wp-json\/wp\/v2\/media\/4553"}],"wp:attachment":[{"href":"http:\/\/www.rincondelbulla.cl\/portal\/wp-json\/wp\/v2\/media?parent=2947"}],"wp:term":[{"taxonomy":"category","embeddable":true,"href":"http:\/\/www.rincondelbulla.cl\/portal\/wp-json\/wp\/v2\/categories?post=2947"},{"taxonomy":"post_tag","embeddable":true,"href":"http:\/\/www.rincondelbulla.cl\/portal\/wp-json\/wp\/v2\/tags?post=2947"}],"curies":[{"name":"wp","href":"https:\/\/api.w.org\/{rel}","templated":true}]}}