{"id":2948,"date":"2012-05-21T09:04:28","date_gmt":"2012-05-21T09:04:28","guid":{"rendered":"http:\/\/www.rincondelbulla.cl\/portal\/?p=2948"},"modified":"2012-05-21T09:04:28","modified_gmt":"2012-05-21T09:04:28","slug":"garces-y-su-debut-en-la-u-agradezco-a-mis-companeros-y-a-johnny-por-el-apoyo","status":"publish","type":"post","link":"http:\/\/www.rincondelbulla.cl\/portal\/2012\/05\/21\/garces-y-su-debut-en-la-u-agradezco-a-mis-companeros-y-a-johnny-por-el-apoyo\/","title":{"rendered":"Garc\u00e9s y su debut en la \u00abU\u00bb: \u00abAgradezco a mis compa\u00f1eros y a Johnny por el apoyo\u00bb"},"content":{"rendered":"<figure id=\"attachment_4554\" aria-describedby=\"caption-attachment-4554\" style=\"width: 700px\" class=\"wp-caption alignnone\"><img loading=\"lazy\" decoding=\"async\" class=\" size-full wp-image-4554\" src=\"http:\/\/www.rincondelbulla.cl\/portal\/wp-content\/uploads\/2012\/05\/263658f820e772ead318369e9d54439d.jpg\" alt=\"Foto: Agencia Uno\" class=\"caption\" title=\"Paulo Garc\u00e9s debuto en la 'U'\" width=\"700\" height=\"396\" srcset=\"http:\/\/www.rincondelbulla.cl\/portal\/wp-content\/uploads\/2012\/05\/263658f820e772ead318369e9d54439d.jpg 700w, http:\/\/www.rincondelbulla.cl\/portal\/wp-content\/uploads\/2012\/05\/263658f820e772ead318369e9d54439d-300x170.jpg 300w, http:\/\/www.rincondelbulla.cl\/portal\/wp-content\/uploads\/2012\/05\/263658f820e772ead318369e9d54439d-696x394.jpg 696w\" sizes=\"auto, (max-width: 700px) 100vw, 700px\" \/><figcaption id=\"caption-attachment-4554\" class=\"wp-caption-text\">Paulo Garc\u00e9s debuto en la &#8216;U&#8217;<\/figcaption><\/figure>\n<p><strong>El guardametas suplente de Cuadro Azul se mostr\u00f3&nbsp; feliz tras el partido contra Huachipato.<\/strong>  <!--more--> Paulo Garc\u00e9s no hab\u00eda tenido minutos en cancha por la Universidad de Chile. El ex portero de la UC, quien en su arribo&nbsp; a la escuadra&nbsp; estudiantil fue criticado, agarraba por primera vez la camiseta de titular en la \u00abU\u00bb en el duelo ante Huachipato en el Estadio Santa Laura.<\/p>\n<p>Sin embargo su actuaci\u00f3n dej\u00f3 en el olvido esos duros momentos. El guardapalos&nbsp; tuvo grandes tapadas, lo que le permiti\u00f3 mantener su porter\u00eda en cero en el triunfo de Azul&nbsp; por 4-0 ante el elenco de la Uzina.<\/p>\n<p>Terminado el partido, el ex cruzado agradeci\u00f3 el apoyo de sus compa\u00f1eros en el debut en el cuadro estudiantil.<\/p>\n<p>\u00abEstoy muy feliz. Agradecer a Johnny que me apoy\u00f3 en todo momento y a mis compa\u00f1eros. Espero seguir ayudando\u00bb, confes\u00f3 el \u00ab12\u00bb azul a CDF.<\/p>\n<p>De paso, se refiri\u00f3 a su actuaci\u00f3n en la victoria ante los \u00abAcereros\u00bb. \u00abNo jugar un a\u00f1o pasa la cuenta. Ten\u00eda muchas expectativas y estoy feliz por lo que hice\u00bb.<\/p>\n<p>Por \u00faltimo agreg\u00f3 que su calidad como jugador la demuestra d\u00eda a d\u00eda, no en este partido.<\/p>\n<p>{mp3}garces_huachipato1{\/mp3}<\/p>\n","protected":false},"excerpt":{"rendered":"<p>El guardametas suplente de Cuadro Azul se mostr\u00f3&nbsp; feliz tras el partido contra Huachipato.<\/p>\n","protected":false},"author":63,"featured_media":4554,"comment_status":"open","ping_status":"open","sticky":false,"template":"","format":"standard","meta":{"footnotes":""},"categories":[18],"tags":[454,94,115],"class_list":{"0":"post-2948","1":"post","2":"type-post","3":"status-publish","4":"format-standard","5":"has-post-thumbnail","7":"category-actualidad","8":"tag-actualidad","9":"tag-apertura-2012","10":"tag-paulo-garces"},"_links":{"self":[{"href":"http:\/\/www.rincondelbulla.cl\/portal\/wp-json\/wp\/v2\/posts\/2948","targetHints":{"allow":["GET"]}}],"collection":[{"href":"http:\/\/www.rincondelbulla.cl\/portal\/wp-json\/wp\/v2\/posts"}],"about":[{"href":"http:\/\/www.rincondelbulla.cl\/portal\/wp-json\/wp\/v2\/types\/post"}],"author":[{"embeddable":true,"href":"http:\/\/www.rincondelbulla.cl\/portal\/wp-json\/wp\/v2\/users\/63"}],"replies":[{"embeddable":true,"href":"http:\/\/www.rincondelbulla.cl\/portal\/wp-json\/wp\/v2\/comments?post=2948"}],"version-history":[{"count":0,"href":"http:\/\/www.rincondelbulla.cl\/portal\/wp-json\/wp\/v2\/posts\/2948\/revisions"}],"wp:featuredmedia":[{"embeddable":true,"href":"http:\/\/www.rincondelbulla.cl\/portal\/wp-json\/wp\/v2\/media\/4554"}],"wp:attachment":[{"href":"http:\/\/www.rincondelbulla.cl\/portal\/wp-json\/wp\/v2\/media?parent=2948"}],"wp:term":[{"taxonomy":"category","embeddable":true,"href":"http:\/\/www.rincondelbulla.cl\/portal\/wp-json\/wp\/v2\/categories?post=2948"},{"taxonomy":"post_tag","embeddable":true,"href":"http:\/\/www.rincondelbulla.cl\/portal\/wp-json\/wp\/v2\/tags?post=2948"}],"curies":[{"name":"wp","href":"https:\/\/api.w.org\/{rel}","templated":true}]}}