{"id":2967,"date":"2012-05-25T18:26:48","date_gmt":"2012-05-25T18:26:48","guid":{"rendered":"http:\/\/www.rincondelbulla.cl\/portal\/?p=2967"},"modified":"2012-05-25T18:26:48","modified_gmt":"2012-05-25T18:26:48","slug":"marcelo-carepato-diaz","status":"publish","type":"post","link":"http:\/\/www.rincondelbulla.cl\/portal\/2012\/05\/25\/marcelo-carepato-diaz\/","title":{"rendered":"Marcelo \u201cCarepato\u201d D\u00edaz: \u201cPute\u00e9 todo lo que ten\u00eda que putear con el penal de Ruid\u00edaz\u00bb"},"content":{"rendered":"<figure id=\"attachment_4573\" aria-describedby=\"caption-attachment-4573\" style=\"width: 700px\" class=\"wp-caption alignnone\"><img loading=\"lazy\" decoding=\"async\" class=\" size-full wp-image-4573\" src=\"http:\/\/www.rincondelbulla.cl\/portal\/wp-content\/uploads\/2012\/05\/e77c42b294824a0fd96615ce3f0632e4.jpg\" alt=\"Foto: Claudio C\u00e1ceres\" class=\"caption\" title=\"Marcelo Diaz se refiri\u00f3 a la sufrida clasificaci\u00f3n cometida anoche \" width=\"700\" height=\"396\" srcset=\"http:\/\/www.rincondelbulla.cl\/portal\/wp-content\/uploads\/2012\/05\/e77c42b294824a0fd96615ce3f0632e4.jpg 700w, http:\/\/www.rincondelbulla.cl\/portal\/wp-content\/uploads\/2012\/05\/e77c42b294824a0fd96615ce3f0632e4-300x170.jpg 300w, http:\/\/www.rincondelbulla.cl\/portal\/wp-content\/uploads\/2012\/05\/e77c42b294824a0fd96615ce3f0632e4-696x394.jpg 696w\" sizes=\"auto, (max-width: 700px) 100vw, 700px\" \/><figcaption id=\"caption-attachment-4573\" class=\"wp-caption-text\">Marcelo Diaz se refiri\u00f3 a la sufrida clasificaci\u00f3n cometida anoche<\/figcaption><\/figure>\n<p><strong>El volante azul se refiri\u00f3 a la sufrida victoria cometida anoche en el Estadio Nacional, que se defini\u00f3 por penales, brome\u00f3 con la osad\u00eda al lanzar el disparo del peruano Ruidiaz y analiz\u00f3 el pr\u00f3ximo rival en la Copa Libertadores.<\/strong> <!--more--> Tras la aguda jornada de f\u00fatbol que se vivi\u00f3 anoche en el Estadio Nacional, que dio por ganador a la \u201cU\u201d de Jorge Sampaoli, uno que apareci\u00f3 para referirse a la jornada fue Marcelo D\u00edaz. El volante calific\u00f3 el partido contra Libertad de Paraguay como uno de los m\u00e1s dif\u00edcil que les ha tocado disputar en lo que va de la Copa Santander Libertadores. <br \/>&nbsp;<br \/>\u201cFue un partido bastante intenso, que fuimos complicando producto del gol (autogol de Osvaldo Gonz\u00e1lez) al no cerrar la llave en los noventa minutos y alargar el juego a los penales\u201d, coment\u00f3 D\u00edaz, elaborando un an\u00e1lisis donde resalt\u00f3 que a pesar de lo trabado del encuentro, los azules mostraron siempre ganas de quedarse con la victoria. <br \/>&nbsp;<br \/>Sobre la forma de enfrentar el pleito por parte de los paraguayos, Carepato no le rest\u00f3 m\u00e9ritos al buen juego de los dirigidos por Burruchaga, explicando, eso s\u00ed, que el planteamiento \u201ca ellos le result\u00f3 de buena forma\u201d, y en ocasiones tuvo chances de anotar otro gol. <br \/>&nbsp;<br \/>Para la definici\u00f3n desde los doce pasos, Marcelo D\u00edaz declar\u00f3 que el equipo ensay\u00f3 los tiros de penal, \u201cinconscientemente de lo que pasar\u00eda esa noche y terminamos pateando los mismos que ensayamos\u201d. <br \/>&nbsp;<br \/>A\u00fan as\u00ed, la situaci\u00f3n m\u00e1s tensa de la noche la vivi\u00f3 el peruano Ra\u00fal Ruid\u00edaz, con la peculiar forma de rematar, que a muchos hinchas anoche los hizo recordar al colombiano Candelo. \u201cCuando Ruid\u00edaz pate\u00f3, vi que peg\u00f3 en el palo y putee todo lo que se pod\u00eda putear. Por suerte entr\u00f3. Le dijimos que nos hab\u00eda dejado con el alma en un hilo\u201d, dijo a modo de broma D\u00edaz, el motor azul. <br \/>&nbsp;<br \/><strong>Se viene Boca\u2026<\/strong> <br \/>&nbsp;<br \/>El pr\u00f3ximo partido en Copa Libertadores ser\u00e1 Boca Junior, donde el primer encuentro de la llave se disputar\u00e1 en Buenos Aires. Sobre este rival, D\u00edaz s\u00f3lo coment\u00f3 que \u201cser\u00e1 un encuentro duro, de ida y vuelta, pero que saldremos con las mismas ganas que siempre lo hemos hecho\u201d. Por el momento la mentalidad del conjunto azul est\u00e1 en el partido de este domingo en Calama contra Cobreloa por el Torneo de Apertura. <br \/>&nbsp;<br \/>El partido contra Boca se disputar\u00e1 el 14 de junio, tras la paralizaci\u00f3n producto de las fechas eliminatorias, cuya vuelta se realizar\u00e1 una semana despu\u00e9s en el reducto \u00f1u\u00f1o\u00edno.<\/p>\n","protected":false},"excerpt":{"rendered":"<p>El volante azul se refiri\u00f3 a la sufrida victoria cometida anoche en el Estadio Nacional, que se defini\u00f3 por penales, brome\u00f3 con la osad\u00eda al lanzar el disparo del peruano Ruidiaz y analiz\u00f3 el pr\u00f3ximo rival en la Copa Libertadores.<\/p>\n","protected":false},"author":62,"featured_media":4573,"comment_status":"open","ping_status":"open","sticky":false,"template":"","format":"standard","meta":{"footnotes":""},"categories":[18],"tags":[454,95,58],"class_list":{"0":"post-2967","1":"post","2":"type-post","3":"status-publish","4":"format-standard","5":"has-post-thumbnail","7":"category-actualidad","8":"tag-actualidad","9":"tag-copa-libertadores-2012","10":"tag-marcelo-diaz"},"_links":{"self":[{"href":"http:\/\/www.rincondelbulla.cl\/portal\/wp-json\/wp\/v2\/posts\/2967","targetHints":{"allow":["GET"]}}],"collection":[{"href":"http:\/\/www.rincondelbulla.cl\/portal\/wp-json\/wp\/v2\/posts"}],"about":[{"href":"http:\/\/www.rincondelbulla.cl\/portal\/wp-json\/wp\/v2\/types\/post"}],"author":[{"embeddable":true,"href":"http:\/\/www.rincondelbulla.cl\/portal\/wp-json\/wp\/v2\/users\/62"}],"replies":[{"embeddable":true,"href":"http:\/\/www.rincondelbulla.cl\/portal\/wp-json\/wp\/v2\/comments?post=2967"}],"version-history":[{"count":0,"href":"http:\/\/www.rincondelbulla.cl\/portal\/wp-json\/wp\/v2\/posts\/2967\/revisions"}],"wp:featuredmedia":[{"embeddable":true,"href":"http:\/\/www.rincondelbulla.cl\/portal\/wp-json\/wp\/v2\/media\/4573"}],"wp:attachment":[{"href":"http:\/\/www.rincondelbulla.cl\/portal\/wp-json\/wp\/v2\/media?parent=2967"}],"wp:term":[{"taxonomy":"category","embeddable":true,"href":"http:\/\/www.rincondelbulla.cl\/portal\/wp-json\/wp\/v2\/categories?post=2967"},{"taxonomy":"post_tag","embeddable":true,"href":"http:\/\/www.rincondelbulla.cl\/portal\/wp-json\/wp\/v2\/tags?post=2967"}],"curies":[{"name":"wp","href":"https:\/\/api.w.org\/{rel}","templated":true}]}}