{"id":297,"date":"2007-10-12T20:00:42","date_gmt":"2007-10-12T20:00:42","guid":{"rendered":"http:\/\/www.rincondelbulla.cl\/portal\/?p=297"},"modified":"2007-10-12T20:00:42","modified_gmt":"2007-10-12T20:00:42","slug":"marcelo-diaz-quedo-descartado-para-el-clasico-ante-colo-colo-por-un-desgarro","status":"publish","type":"post","link":"http:\/\/www.rincondelbulla.cl\/portal\/2007\/10\/12\/marcelo-diaz-quedo-descartado-para-el-clasico-ante-colo-colo-por-un-desgarro\/","title":{"rendered":"Marcelo D\u00edaz qued\u00f3 descartado para el cl\u00e1sico ante Colo Colo por un desgarro"},"content":{"rendered":"<p><img decoding=\"async\" src=\"images\/stories\/plantelnuevo2.jpg\" hspace=\"6\" alt=\"\" title=\"\" border=\"0\" style=\"float: left;\" \/><b>La lesi&oacute;n del lateral derecho le provoc&oacute; al t&eacute;cnico Arturo Salah un nuevo dolor de cabeza, ya que se suma a la baja de Manuel Iturra y la probable ausencia de Francisco Arru&eacute;.<\/b><br \/> Una nueva e importante baja de cara al crucial compromiso frente a Colo Colo, el cual se  <!--more--> jugar&aacute; el domingo 21 de octubre en el Estadio Monumental, a las 16:00 horas (19:00 GMT), sum&oacute; Universidad de Chile.<\/p>\n<p> El lateral por derecha Marcelo D&iacute;az se desgarr&oacute; y de acuerdo a la evaluaci&oacute;n que le realiz&oacute; el cuerpo m&eacute;dico de los universitarios no alcanzar&aacute; a recuperarse antes del pleito con el conjunto popular.<\/p>\n<p> La baja del futbolista se transforma en un nuevo golpe para el t&eacute;cnico Arturo Salah, quien ha debido lidiar con una gran cantidad de jugadores lesionados y suspendidos durante los &uacute;ltimos partidos, de los cuales han ganado cinco en forma consecutiva.<\/p>\n<p> Entre los jugadores descartados para el cl&aacute;sico se cuenta al volante Francisco Arru&eacute;, que sufri&oacute; una peque&ntilde;a fisura en el tobillo y el peron&eacute; en el partido ante Santiago Wanderers, y el mediocampista Manuel Iturra, expulsado en el duelo frente a Palestino.<\/p>\n<p> En tanto, el t&eacute;cnico Arturo Salah dej&oacute; por un momento sus preocupaciones para conformar el equipo para la reanudaci&oacute;n del Torneo de Clausura y coment&oacute; lo que vendr&aacute; a ser el debut de Chile en las clasificatorias mundialistas y la presencia de varios jugadores azules.<\/p>\n<p> &quot;En el fondo es un reconocimiento para lo que ha hecho el equipo. Ellos no solo est&aacute;n ah&iacute; por sus cualidades personales e indivivduales, sino porque los compa&ntilde;eros de la U han ayudado a que ellos destaquen, as&iacute; que toda la U se siente parte de su &eacute;xito&quot;, valor&oacute;. <\/p>\n","protected":false},"excerpt":{"rendered":"<p>La lesi&oacute;n del lateral derecho le provoc&oacute; al t&eacute;cnico Arturo Salah un nuevo dolor de cabeza, ya que se suma a la baja de Manuel Iturra y la probable ausencia de Francisco Arru&eacute;. Una nueva e importante baja de cara al crucial compromiso frente a Colo Colo, el cual se<\/p>\n","protected":false},"author":1,"featured_media":0,"comment_status":"open","ping_status":"open","sticky":false,"template":"","format":"standard","meta":{"footnotes":""},"categories":[18],"tags":[],"class_list":{"0":"post-297","1":"post","2":"type-post","3":"status-publish","4":"format-standard","6":"category-actualidad"},"_links":{"self":[{"href":"http:\/\/www.rincondelbulla.cl\/portal\/wp-json\/wp\/v2\/posts\/297","targetHints":{"allow":["GET"]}}],"collection":[{"href":"http:\/\/www.rincondelbulla.cl\/portal\/wp-json\/wp\/v2\/posts"}],"about":[{"href":"http:\/\/www.rincondelbulla.cl\/portal\/wp-json\/wp\/v2\/types\/post"}],"author":[{"embeddable":true,"href":"http:\/\/www.rincondelbulla.cl\/portal\/wp-json\/wp\/v2\/users\/1"}],"replies":[{"embeddable":true,"href":"http:\/\/www.rincondelbulla.cl\/portal\/wp-json\/wp\/v2\/comments?post=297"}],"version-history":[{"count":0,"href":"http:\/\/www.rincondelbulla.cl\/portal\/wp-json\/wp\/v2\/posts\/297\/revisions"}],"wp:attachment":[{"href":"http:\/\/www.rincondelbulla.cl\/portal\/wp-json\/wp\/v2\/media?parent=297"}],"wp:term":[{"taxonomy":"category","embeddable":true,"href":"http:\/\/www.rincondelbulla.cl\/portal\/wp-json\/wp\/v2\/categories?post=297"},{"taxonomy":"post_tag","embeddable":true,"href":"http:\/\/www.rincondelbulla.cl\/portal\/wp-json\/wp\/v2\/tags?post=297"}],"curies":[{"name":"wp","href":"https:\/\/api.w.org\/{rel}","templated":true}]}}