{"id":2991,"date":"2012-05-31T19:21:06","date_gmt":"2012-05-31T19:21:06","guid":{"rendered":"http:\/\/www.rincondelbulla.cl\/portal\/?p=2991"},"modified":"2012-05-31T19:21:06","modified_gmt":"2012-05-31T19:21:06","slug":"morales-y-semifinal-contra-boca-tenemos-las-armas-para-conseguir-un-triunfo-en-su-casa","status":"publish","type":"post","link":"http:\/\/www.rincondelbulla.cl\/portal\/2012\/05\/31\/morales-y-semifinal-contra-boca-tenemos-las-armas-para-conseguir-un-triunfo-en-su-casa\/","title":{"rendered":"Morales y semifinal contra Boca: \u201cTenemos las armas para conseguir un triunfo en su casa\u201d"},"content":{"rendered":"<figure id=\"attachment_4597\" aria-describedby=\"caption-attachment-4597\" style=\"width: 700px\" class=\"wp-caption alignnone\"><img loading=\"lazy\" decoding=\"async\" class=\" size-full wp-image-4597\" src=\"http:\/\/www.rincondelbulla.cl\/portal\/wp-content\/uploads\/2012\/05\/f97ac2be907fe5bc2ac21cbb3aacf027.jpg\" alt=\"Foto: Patricio Gonz\u00e1lez \" class=\"caption\" title=\"Morales habl\u00f3 sobre los encuentros que le vienen a la \"U\"\" width=\"700\" height=\"396\" srcset=\"http:\/\/www.rincondelbulla.cl\/portal\/wp-content\/uploads\/2012\/05\/f97ac2be907fe5bc2ac21cbb3aacf027.jpg 700w, http:\/\/www.rincondelbulla.cl\/portal\/wp-content\/uploads\/2012\/05\/f97ac2be907fe5bc2ac21cbb3aacf027-300x170.jpg 300w, http:\/\/www.rincondelbulla.cl\/portal\/wp-content\/uploads\/2012\/05\/f97ac2be907fe5bc2ac21cbb3aacf027-696x394.jpg 696w\" sizes=\"auto, (max-width: 700px) 100vw, 700px\" \/><figcaption id=\"caption-attachment-4597\" class=\"wp-caption-text\">Morales habl\u00f3 sobre los encuentros que le vienen a la<\/figcaption><\/figure>\n<div><strong>El volante azul Pedro Morales indic\u00f3 esta tarde, a su juicio, las virtudes del elenco argentino, aunque asegur\u00f3 que el equipo de Sampaoli saldr\u00e1 con todo el pr\u00f3ximo 14 de junio en Buenos Aires. <\/strong> <!--more--> Si bien la mente azul est\u00e1 completamente enfocada en la semifinal de la Santander Libertadores contra Boca Junior, uno que habl\u00f3 esta tarde, Pedro Morales, coment\u00f3 que la idea es ir paso a paso, tomando en consideraci\u00f3n que lo m\u00e1s pr\u00f3ximo del elenco azul es la vuelta por el Campeonato de Apertura con Cobreloa, donde ya tienes una cuota de ventaja por el triunfo por 2 \u2013 0 y la condici\u00f3n de l\u00edderes de la tabla general, situaci\u00f3n a considerar en caso de igualdad en el marcador tras los 90 minutos.&nbsp;<\/div>\n<div>&nbsp;<\/div>\n<div>\u201cLo principal en estos momentos es pasar la llave con Cobreloa, y ya cuando regresen nuestros compa\u00f1eros que est\u00e1n en la selecci\u00f3n, a poco tiempo del partido con Boca, nos prepararemos de la mejor forma\u201d, dijo el Pokem\u00f3n azul, quit\u00e1ndole un poco de tensi\u00f3n que se vivir\u00e1 en la U estas dos semanas de receso por las fechas eliminatorias para el Mundial de Brasil 2014.<\/div>\n<div>&nbsp;<\/div>\n<div>Sabiendo que si salen triunfadores de esta llave en el Apertura enfrentan a Colo \u2013 Colo, Morales se ilusiona con revivir un nuevo cl\u00e1sico del f\u00fatbol chileno, aunque explica que, <strong>\u201cprimero hay que ganar la llave con Cobreloa, que tienen buenos jugadores y no hay que confiarse. La llave a\u00fan no est\u00e1 cerrada\u201d.&nbsp;<\/strong><\/div>\n<div>&nbsp;<\/div>\n<div>En relaci\u00f3n al llamativo encuentro con Boca, Morales indic\u00f3 que como equipo <strong>\u201ctenemos las armas para conseguir un triunfo en su casa\u201d<\/strong>, argumentando que el actual momento que vive el cuadro xeneize deja mucho que desear del que en otros tiempos era un equipo de temer, aunque alab\u00f3 sus figuras desequilibrantes como Silva y Riquelme.&nbsp;<\/div>\n<div>&nbsp;<\/div>\n<div>Pedro Morales termin\u00f3 sus declaraciones con un mensaje particular para todos los hinchas azules: <strong>\u201cOjal\u00e1 podamos ganar la Copa Libertadores y el Torneo de Apertura\u201d<\/strong><\/div>\n<div>&nbsp;<\/div>\n<div>La Universidad de Chile dar\u00e1 descanso hasta el pr\u00f3ximo martes a sus jugadores, tomando en cuenta el receso del torneo por clasificatorias. El pr\u00f3ximo partido contra Cobreloa ser\u00e1 el lunes 11 de junio, tres d\u00edas despu\u00e9s se medir\u00e1 contra Boca Junior en Buenos Aires. &nbsp;&nbsp;<\/div>\n","protected":false},"excerpt":{"rendered":"<p>El volante azul Pedro Morales indic\u00f3 esta tarde, a su juicio, las virtudes del elenco argentino, aunque asegur\u00f3 que el equipo de Sampaoli saldr\u00e1 con todo el pr\u00f3ximo 14 de junio en Buenos Aires.<\/p>\n","protected":false},"author":62,"featured_media":4597,"comment_status":"open","ping_status":"open","sticky":false,"template":"","format":"standard","meta":{"footnotes":""},"categories":[18],"tags":[454,94,95,124],"class_list":{"0":"post-2991","1":"post","2":"type-post","3":"status-publish","4":"format-standard","5":"has-post-thumbnail","7":"category-actualidad","8":"tag-actualidad","9":"tag-apertura-2012","10":"tag-copa-libertadores-2012","11":"tag-pedro-morales"},"_links":{"self":[{"href":"http:\/\/www.rincondelbulla.cl\/portal\/wp-json\/wp\/v2\/posts\/2991","targetHints":{"allow":["GET"]}}],"collection":[{"href":"http:\/\/www.rincondelbulla.cl\/portal\/wp-json\/wp\/v2\/posts"}],"about":[{"href":"http:\/\/www.rincondelbulla.cl\/portal\/wp-json\/wp\/v2\/types\/post"}],"author":[{"embeddable":true,"href":"http:\/\/www.rincondelbulla.cl\/portal\/wp-json\/wp\/v2\/users\/62"}],"replies":[{"embeddable":true,"href":"http:\/\/www.rincondelbulla.cl\/portal\/wp-json\/wp\/v2\/comments?post=2991"}],"version-history":[{"count":0,"href":"http:\/\/www.rincondelbulla.cl\/portal\/wp-json\/wp\/v2\/posts\/2991\/revisions"}],"wp:featuredmedia":[{"embeddable":true,"href":"http:\/\/www.rincondelbulla.cl\/portal\/wp-json\/wp\/v2\/media\/4597"}],"wp:attachment":[{"href":"http:\/\/www.rincondelbulla.cl\/portal\/wp-json\/wp\/v2\/media?parent=2991"}],"wp:term":[{"taxonomy":"category","embeddable":true,"href":"http:\/\/www.rincondelbulla.cl\/portal\/wp-json\/wp\/v2\/categories?post=2991"},{"taxonomy":"post_tag","embeddable":true,"href":"http:\/\/www.rincondelbulla.cl\/portal\/wp-json\/wp\/v2\/tags?post=2991"}],"curies":[{"name":"wp","href":"https:\/\/api.w.org\/{rel}","templated":true}]}}